{"id":159,"date":"2012-08-22T12:05:28","date_gmt":"2012-08-22T15:05:28","guid":{"rendered":"http:\/\/douglasdasilva.com.br\/clients\/anprotec\/?p=159"},"modified":"2012-10-18T16:53:00","modified_gmt":"2012-10-18T19:53:00","slug":"incubadora-da-coppe-lanca-blog-para-divulgar-suas-acoes","status":"publish","type":"post","link":"https:\/\/anprotec.org.br\/site\/2012\/08\/incubadora-da-coppe-lanca-blog-para-divulgar-suas-acoes\/","title":{"rendered":"Incubadora da COPPE lan\u00e7a blog para divulgar suas a\u00e7\u00f5es"},"content":{"rendered":"<p style=\"text-align: justify;\">Com a inten\u00e7\u00e3o de informar a sociedade sobre suas a\u00e7\u00f5es e criar um canal de comunica\u00e7\u00e3o mais din\u00e2mico e interativo, a Incubadora de Empresas da COPPE\/UFRJ criou um novo espa\u00e7o na internet: o blog Empreendedores COPPE. O site tamb\u00e9m vai promover as empresas \u2013 residentes e graduadas \u2013 da incubadora e noticiar seus novos projetos de desenvolvimento, tecnologias e produtos.\u00a0O blog reunir\u00e1, ainda, um clipping de not\u00edcias sobre a institui\u00e7\u00e3o e suas startups.<\/p>\n<p>Acesse o <a href=\"http:\/\/blog.incubadora.coppe.ufrj.br\/\">blog Empreendedores COPPE<\/a>.<\/p>\n","protected":false},"excerpt":{"rendered":"<p>Site reunir\u00e1 informa\u00e7\u00f5es sobre empresas da incubadora, al\u00e9m de um clipping de not\u00edcias sobre a institui\u00e7\u00e3o e suas startups<\/p>\n","protected":false},"author":8,"featured_media":0,"comment_status":"open","ping_status":"open","sticky":false,"template":"","format":"standard","meta":{"footnotes":"","_links_to":"","_links_to_target":""},"categories":[3],"tags":[9],"calendar":[],"_links":{"self":[{"href":"https:\/\/anprotec.org.br\/site\/wp-json\/wp\/v2\/posts\/159"}],"collection":[{"href":"https:\/\/anprotec.org.br\/site\/wp-json\/wp\/v2\/posts"}],"about":[{"href":"https:\/\/anprotec.org.br\/site\/wp-json\/wp\/v2\/types\/post"}],"author":[{"embeddable":true,"href":"https:\/\/anprotec.org.br\/site\/wp-json\/wp\/v2\/users\/8"}],"replies":[{"embeddable":true,"href":"https:\/\/anprotec.org.br\/site\/wp-json\/wp\/v2\/comments?post=159"}],"version-history":[{"count":6,"href":"https:\/\/anprotec.org.br\/site\/wp-json\/wp\/v2\/posts\/159\/revisions"}],"predecessor-version":[{"id":163,"href":"https:\/\/anprotec.org.br\/site\/wp-json\/wp\/v2\/posts\/159\/revisions\/163"}],"wp:attachment":[{"href":"https:\/\/anprotec.org.br\/site\/wp-json\/wp\/v2\/media?parent=159"}],"wp:term":[{"taxonomy":"category","embeddable":true,"href":"https:\/\/anprotec.org.br\/site\/wp-json\/wp\/v2\/categories?post=159"},{"taxonomy":"post_tag","embeddable":true,"href":"https:\/\/anprotec.org.br\/site\/wp-json\/wp\/v2\/tags?post=159"},{"taxonomy":"calendar","embeddable":true,"href":"https:\/\/anprotec.org.br\/site\/wp-json\/wp\/v2\/calendar?post=159"}],"curies":[{"name":"wp","href":"https:\/\/api.w.org\/{rel}","templated":true}]}}