{"id":1578,"date":"2013-02-13T09:16:55","date_gmt":"2013-02-13T12:16:55","guid":{"rendered":"http:\/\/anprotec.org.br\/site\/?p=1578"},"modified":"2013-02-13T09:21:44","modified_gmt":"2013-02-13T12:21:44","slug":"cietec-seleciona-empreendimentos-para-incubacao","status":"publish","type":"post","link":"https:\/\/anprotec.org.br\/site\/2013\/02\/cietec-seleciona-empreendimentos-para-incubacao\/","title":{"rendered":"Cietec seleciona empresas para incuba\u00e7\u00e3o"},"content":{"rendered":"<p style=\"text-align: justify;\">O Cietec \u2013 Centro de Inova\u00e7\u00e3o, Empreendedorismo e Tecnologia, de S\u00e3o Paulo (SP) recebe at\u00e9 o pr\u00f3ximo dia 18 de mar\u00e7o as inscri\u00e7\u00f5es de empresas interessadas em se tornarem incubadas. A expectativa \u00e9 que cerca de 40 novos empreendimentos sejam recebidos para incuba\u00e7\u00e3o ao final do processo seletivo.<\/p>\n<p style=\"text-align: justify;\">A institui\u00e7\u00e3o tamb\u00e9m espera, a partir do edital, atrair um n\u00famero maior de empresas atuantes no setor de Tecnologia da Informa\u00e7\u00e3o (TI), que possam acessar incentivos da Lei da Inform\u00e1tica. Lan\u00e7ada em 2002, a lei fomenta empresas que querem investir em pesquisa e desenvolvimento, por meio de startups localizadas em incubadoras. O Cietec \u00e9 uma das institui\u00e7\u00f5es credenciadas pela Secretaria de Inform\u00e1tica, do Minist\u00e9rio de Ci\u00eancia, Tecnologia e Inova\u00e7\u00e3o, para apoiar empresas que desenvolvam projetos beneficiados pela Lei.<\/p>\n<p style=\"text-align: justify;\">Al\u00e9m disso, neste edital tamb\u00e9m ser\u00e1 dado um enfoque maior a projetos n\u00e3o-residentes, ou seja, que n\u00e3o precisem necessariamente estar instalados dentro do Cietec, considerando a alta procura de empres\u00e1rios de outras regi\u00f5es, que buscam a expertise da incubadora,\u00a0 a fim de alavancar seus neg\u00f3cios.<\/p>\n<p style=\"text-align: justify;\">O edital do Cietec \u00e9 de fluxo cont\u00ednuo e est\u00e1 aberto a empresas no setores de tecnologia da informa\u00e7\u00e3o, biotecnologia, eletroeletr\u00f4nicos, medicina e sa\u00fade, meio ambiente e qu\u00edmica.<\/p>\n<p style=\"text-align: justify;\"><strong>Empreendedorismo e Inova\u00e7\u00e3o<\/strong><\/p>\n<p style=\"text-align: justify;\">Localizado na Cidade Universit\u00e1ria, no campus do IPEN-USP, o Cietec promove,\u00a0desde 1998, o empreendedorismo inovador, incentivando a cria\u00e7\u00e3o e fortalecimento de micro e pequenas empresas de base tecnol\u00f3gica.<\/p>\n<p style=\"text-align: justify;\">O processo seletivo, que conta com avalia\u00e7\u00e3o de consultores especializados, \u00e9 realizado em v\u00e1rias etapas, incluindo um curso de capacita\u00e7\u00e3o para elabora\u00e7\u00e3o de plano de neg\u00f3cios. O resultado final \u00e9 publicado ap\u00f3s a entrega da reda\u00e7\u00e3o final desse documento.<\/p>\n<p style=\"text-align: justify;\">Para mais informa\u00e7\u00f5es, acesse:\u00a0<a href=\"http:\/\/www.cietec.org.br\/\">www.cietec.org.br<\/a>.<\/p>\n<p style=\"text-align: justify;\"><em>* Com informa\u00e7\u00f5es do Cietec<\/em><\/p>\n","protected":false},"excerpt":{"rendered":"<p>No primeiro processo seletivo de 2013, institui\u00e7\u00e3o espera selecionar at\u00e9 40 novas empresas para participar do processo de incuba\u00e7\u00e3o. Inscri\u00e7\u00f5es v\u00e3o at\u00e9 18 de mar\u00e7o.  <\/p>\n","protected":false},"author":8,"featured_media":752,"comment_status":"open","ping_status":"open","sticky":false,"template":"","format":"standard","meta":{"footnotes":"","_links_to":"","_links_to_target":""},"categories":[3],"tags":[],"calendar":[],"_links":{"self":[{"href":"https:\/\/anprotec.org.br\/site\/wp-json\/wp\/v2\/posts\/1578"}],"collection":[{"href":"https:\/\/anprotec.org.br\/site\/wp-json\/wp\/v2\/posts"}],"about":[{"href":"https:\/\/anprotec.org.br\/site\/wp-json\/wp\/v2\/types\/post"}],"author":[{"embeddable":true,"href":"https:\/\/anprotec.org.br\/site\/wp-json\/wp\/v2\/users\/8"}],"replies":[{"embeddable":true,"href":"https:\/\/anprotec.org.br\/site\/wp-json\/wp\/v2\/comments?post=1578"}],"version-history":[{"count":5,"href":"https:\/\/anprotec.org.br\/site\/wp-json\/wp\/v2\/posts\/1578\/revisions"}],"predecessor-version":[{"id":1581,"href":"https:\/\/anprotec.org.br\/site\/wp-json\/wp\/v2\/posts\/1578\/revisions\/1581"}],"wp:featuredmedia":[{"embeddable":true,"href":"https:\/\/anprotec.org.br\/site\/wp-json\/wp\/v2\/media\/752"}],"wp:attachment":[{"href":"https:\/\/anprotec.org.br\/site\/wp-json\/wp\/v2\/media?parent=1578"}],"wp:term":[{"taxonomy":"category","embeddable":true,"href":"https:\/\/anprotec.org.br\/site\/wp-json\/wp\/v2\/categories?post=1578"},{"taxonomy":"post_tag","embeddable":true,"href":"https:\/\/anprotec.org.br\/site\/wp-json\/wp\/v2\/tags?post=1578"},{"taxonomy":"calendar","embeddable":true,"href":"https:\/\/anprotec.org.br\/site\/wp-json\/wp\/v2\/calendar?post=1578"}],"curies":[{"name":"wp","href":"https:\/\/api.w.org\/{rel}","templated":true}]}}