{"id":15776,"date":"2016-07-25T16:44:27","date_gmt":"2016-07-25T19:44:27","guid":{"rendered":"http:\/\/anprotec.org.br\/site\/?p=15776"},"modified":"2016-07-25T16:46:53","modified_gmt":"2016-07-25T19:46:53","slug":"programa-sera-lancado-no-feevale-techpark","status":"publish","type":"post","link":"https:\/\/anprotec.org.br\/site\/2016\/07\/programa-sera-lancado-no-feevale-techpark\/","title":{"rendered":"[:pt]Programa ser\u00e1 lan\u00e7ado no Feevale Techpark[:]"},"content":{"rendered":"<p>[:pt]<\/p>\n<div align=\"justify\">\n<div id=\"attachment_11212\" style=\"width: 310px\" class=\"wp-caption alignleft\"><img aria-describedby=\"caption-attachment-11212\" decoding=\"async\" loading=\"lazy\" class=\"size-medium wp-image-11212\" src=\"https:\/\/anprotec.org.br\/site\/wp-content\/uploads\/2015\/07\/investidor-300x199.jpg\" alt=\"Foto: shutterstock \" width=\"300\" height=\"199\" srcset=\"https:\/\/anprotec.org.br\/site\/wp-content\/uploads\/2015\/07\/investidor-300x199.jpg 300w, https:\/\/anprotec.org.br\/site\/wp-content\/uploads\/2015\/07\/investidor.jpg 448w\" sizes=\"(max-width: 300px) 100vw, 300px\" \/><p id=\"caption-attachment-11212\" class=\"wp-caption-text\">Foto: shutterstock<\/p><\/div>\n<p>A Universidade Feevale e o Feevale Techpark lan\u00e7am na pr\u00f3xima quarta-feira (27\/07) o programa Parceiros de Neg\u00f3cios. O evento acontece no audit\u00f3rio da unidade de Campo Bom do Parque (RS), a partir das 14h.<\/p>\n<\/div>\n<div align=\"justify\"><\/div>\n<div align=\"justify\">Por meio dos Parceiros de Neg\u00f3cios, o Parque, a Universidade e empresas firmam acordos de coopera\u00e7\u00e3o. As empresas participantes do programa ter\u00e3o acesso a v\u00e1rios benef\u00edcios, como: potenciais clientes, divulga\u00e7\u00e3o de sua marca nos canais de comunica\u00e7\u00e3o do Parque (como newsletter, redes sociais e site), capacita\u00e7\u00f5es, aproxima\u00e7\u00e3o com rede de contatos do Parque para gera\u00e7\u00e3o de parcerias, boletins de editais, programas da Universidade voltados para empresas, realiza\u00e7\u00e3o de eventos da empresa no Parque, entre outros.<\/div>\n<div align=\"justify\"><\/div>\n<div align=\"justify\">O programa foi desenvolvido a fim de fomentar alian\u00e7as estrat\u00e9gicas para fortalecer o posicionamento do Feevale Techpark e de seus parceiros. Al\u00e9m disso, busca estabelecer, manter e desenvolver relacionamentos de longo prazo, a fim de atingir objetivos m\u00fatuos, gerando maior relev\u00e2ncia ao Parque e \u00e0s empresas nele instaladas, assim como seu maior alcance no mercado regional. No dia do lan\u00e7amento, ser\u00e1 feita a assinatura de acordos de coopera\u00e7\u00e3o dos dois primeiros parceiros do programa, Novo Hamburgo Hotel e Sicredi.<\/div>\n<div align=\"justify\"><\/div>\n<div align=\"justify\">*Com informa\u00e7\u00f5es de Imprensa Feevale<\/div>\n<p>[:]<\/p>\n","protected":false},"excerpt":{"rendered":"<p>[:pt]Iniciativa visa fomentar alian\u00e7as estrat\u00e9gicas entre parceiros, o Parque e a Universidade Feevale. O evento de lan\u00e7amento, que acontece na unidade de Campo Bom do Parque (RS), ser\u00e1 dia 27\/07.[:]<\/p>\n","protected":false},"author":8,"featured_media":11212,"comment_status":"open","ping_status":"open","sticky":false,"template":"","format":"standard","meta":{"footnotes":"","_links_to":"","_links_to_target":""},"categories":[3],"tags":[],"calendar":[],"_links":{"self":[{"href":"https:\/\/anprotec.org.br\/site\/wp-json\/wp\/v2\/posts\/15776"}],"collection":[{"href":"https:\/\/anprotec.org.br\/site\/wp-json\/wp\/v2\/posts"}],"about":[{"href":"https:\/\/anprotec.org.br\/site\/wp-json\/wp\/v2\/types\/post"}],"author":[{"embeddable":true,"href":"https:\/\/anprotec.org.br\/site\/wp-json\/wp\/v2\/users\/8"}],"replies":[{"embeddable":true,"href":"https:\/\/anprotec.org.br\/site\/wp-json\/wp\/v2\/comments?post=15776"}],"version-history":[{"count":4,"href":"https:\/\/anprotec.org.br\/site\/wp-json\/wp\/v2\/posts\/15776\/revisions"}],"predecessor-version":[{"id":15780,"href":"https:\/\/anprotec.org.br\/site\/wp-json\/wp\/v2\/posts\/15776\/revisions\/15780"}],"wp:featuredmedia":[{"embeddable":true,"href":"https:\/\/anprotec.org.br\/site\/wp-json\/wp\/v2\/media\/11212"}],"wp:attachment":[{"href":"https:\/\/anprotec.org.br\/site\/wp-json\/wp\/v2\/media?parent=15776"}],"wp:term":[{"taxonomy":"category","embeddable":true,"href":"https:\/\/anprotec.org.br\/site\/wp-json\/wp\/v2\/categories?post=15776"},{"taxonomy":"post_tag","embeddable":true,"href":"https:\/\/anprotec.org.br\/site\/wp-json\/wp\/v2\/tags?post=15776"},{"taxonomy":"calendar","embeddable":true,"href":"https:\/\/anprotec.org.br\/site\/wp-json\/wp\/v2\/calendar?post=15776"}],"curies":[{"name":"wp","href":"https:\/\/api.w.org\/{rel}","templated":true}]}}