{"id":1568,"date":"2013-02-08T14:30:40","date_gmt":"2013-02-08T17:30:40","guid":{"rendered":"http:\/\/anprotec.org.br\/site\/?p=1568"},"modified":"2013-02-08T15:11:02","modified_gmt":"2013-02-08T18:11:02","slug":"projeto-concede-isencao-fiscal-a-startups","status":"publish","type":"post","link":"https:\/\/anprotec.org.br\/site\/2013\/02\/projeto-concede-isencao-fiscal-a-startups\/","title":{"rendered":"Projeto de lei prop\u00f5e isen\u00e7\u00e3o fiscal a startups"},"content":{"rendered":"<p style=\"text-align: justify;\"><a href=\"https:\/\/anprotec.org.br\/site\/2013\/02\/projeto-concede-isencao-fiscal-a-startups\/congresso-nacional-brasilia\/\" rel=\"attachment wp-att-1569\"><img decoding=\"async\" loading=\"lazy\" class=\"alignleft size-thumbnail wp-image-1569\" title=\"congresso-nacional-brasilia\" src=\"https:\/\/anprotec.org.br\/site\/wp-content\/uploads\/2013\/02\/congresso-nacional-brasilia-270x160.jpg\" alt=\"\" width=\"270\" height=\"160\" \/><\/a>Dois estudantes da Universidade de Bras\u00edlia (UnB) apresentaram, no fim de 2012, proposta de lei para isen\u00e7\u00e3o de impostos para as startups \u2013 empresas iniciantes nas \u00e1reas de tecnologia e inova\u00e7\u00e3o.<\/p>\n<p style=\"text-align: justify;\">Conforme o projeto, a isen\u00e7\u00e3o de impostos dever\u00e1 acontecer nas esferas municipal, estadual e federal, para empresas iniciantes com receita bruta de at\u00e9 R$ 30 mil por trimestre e, no m\u00e1ximo, quatro funcion\u00e1rios. Al\u00e9m disso, o benef\u00edcio ser\u00e1 concedido por dois anos, renov\u00e1veis por mais dois.<\/p>\n<p style=\"text-align: justify;\">Reconhecida pelo senador Jos\u00e9 Agripino Maia (DEM\/RN), a proposta est\u00e1 agora em discuss\u00e3o na Comiss\u00e3o de Ci\u00eancia, Tecnologia, Inova\u00e7\u00e3o, Comunica\u00e7\u00e3o e Inform\u00e1tica do Senado Federal (foto), como o Projeto de Lei (PL) 321\/2012.<\/p>\n<p style=\"text-align: justify;\">Em caso de aprova\u00e7\u00e3o, as startups n\u00e3o pagar\u00e3o os tributos relativos ao Sistema Integrado de Imposto e Contribui\u00e7\u00f5es das Microempresas e das Empresas de Pequeno Porte, o Simples Nacional.<\/p>\n<p style=\"text-align: justify;\">Com informa\u00e7\u00f5es da Ag\u00eancia Sebrae<\/p>\n<p style=\"text-align: justify;\"><em>Foto: Ag\u00eancia Senado<\/em><\/p>\n<p style=\"text-align: justify;\">\n","protected":false},"excerpt":{"rendered":"<p>Mat\u00e9ria que prop\u00f5e esse benef\u00edcio para novas empresas de tecnologia e inova\u00e7\u00e3o foi proposta por dois estudantes da UnB e est\u00e1 tramitando no Senado Federal.<\/p>\n","protected":false},"author":8,"featured_media":1569,"comment_status":"open","ping_status":"open","sticky":false,"template":"","format":"standard","meta":{"footnotes":"","_links_to":"","_links_to_target":""},"categories":[3],"tags":[],"calendar":[],"_links":{"self":[{"href":"https:\/\/anprotec.org.br\/site\/wp-json\/wp\/v2\/posts\/1568"}],"collection":[{"href":"https:\/\/anprotec.org.br\/site\/wp-json\/wp\/v2\/posts"}],"about":[{"href":"https:\/\/anprotec.org.br\/site\/wp-json\/wp\/v2\/types\/post"}],"author":[{"embeddable":true,"href":"https:\/\/anprotec.org.br\/site\/wp-json\/wp\/v2\/users\/8"}],"replies":[{"embeddable":true,"href":"https:\/\/anprotec.org.br\/site\/wp-json\/wp\/v2\/comments?post=1568"}],"version-history":[{"count":7,"href":"https:\/\/anprotec.org.br\/site\/wp-json\/wp\/v2\/posts\/1568\/revisions"}],"predecessor-version":[{"id":1573,"href":"https:\/\/anprotec.org.br\/site\/wp-json\/wp\/v2\/posts\/1568\/revisions\/1573"}],"wp:featuredmedia":[{"embeddable":true,"href":"https:\/\/anprotec.org.br\/site\/wp-json\/wp\/v2\/media\/1569"}],"wp:attachment":[{"href":"https:\/\/anprotec.org.br\/site\/wp-json\/wp\/v2\/media?parent=1568"}],"wp:term":[{"taxonomy":"category","embeddable":true,"href":"https:\/\/anprotec.org.br\/site\/wp-json\/wp\/v2\/categories?post=1568"},{"taxonomy":"post_tag","embeddable":true,"href":"https:\/\/anprotec.org.br\/site\/wp-json\/wp\/v2\/tags?post=1568"},{"taxonomy":"calendar","embeddable":true,"href":"https:\/\/anprotec.org.br\/site\/wp-json\/wp\/v2\/calendar?post=1568"}],"curies":[{"name":"wp","href":"https:\/\/api.w.org\/{rel}","templated":true}]}}