{"id":1546,"date":"2013-02-07T15:53:37","date_gmt":"2013-02-07T18:53:37","guid":{"rendered":"http:\/\/anprotec.org.br\/site\/?p=1546"},"modified":"2013-02-07T16:04:46","modified_gmt":"2013-02-07T19:04:46","slug":"brasil-promove-missao-empresarial-na-america-do-sul","status":"publish","type":"post","link":"https:\/\/anprotec.org.br\/site\/2013\/02\/brasil-promove-missao-empresarial-na-america-do-sul\/","title":{"rendered":"Minist\u00e9rios promovem miss\u00e3o na Am\u00e9rica do Sul"},"content":{"rendered":"<p style=\"text-align: justify;\"><a href=\"https:\/\/anprotec.org.br\/site\/2013\/02\/brasil-promove-missao-empresarial-na-america-do-sul\/missao-internacional\/\" rel=\"attachment wp-att-1553\"><img decoding=\"async\" loading=\"lazy\" class=\"alignleft size-thumbnail wp-image-1553\" title=\"missao internacional\" src=\"https:\/\/anprotec.org.br\/site\/wp-content\/uploads\/2013\/02\/missao-internacional-269x160.jpg\" alt=\"\" width=\"269\" height=\"160\" \/><\/a>O Minist\u00e9rio do Desenvolvimento, Ind\u00fastria e Com\u00e9rcio Exterior (MDIC), o Minist\u00e9rio de Rela\u00e7\u00f5es Exteriores (MRE) e a Ag\u00eancia Brasileira de Promo\u00e7\u00e3o a Exporta\u00e7\u00e3o e Investimentos (Apex-Brasil) realizam, de 19 a 24 de maio, a Miss\u00e3o Empresarial do Brasil \u00e0 Am\u00e9rica do Sul \u2013 Col\u00f4mbia e Peru.<\/p>\n<p style=\"text-align: justify;\">Nos \u00faltimos cinco anos, os pa\u00edses sul-americanos dobraram suas importa\u00e7\u00f5es. Em rela\u00e7\u00e3o \u00e0 exporta\u00e7\u00e3o brasileira, destaca-se que 16% do total exportado foi destinado para a Am\u00e9rica do Sul e que a maior parte dessa porcentagem \u00e9 de produtos de alto valor agregado.<\/p>\n<p style=\"text-align: justify;\">Durante a miss\u00e3o, as empresas brasileiras participantes ter\u00e3o oportunidade de se reunir com potenciais compradores colombianos e peruanos, bem como de outros pa\u00edses do subcontinente. As inscri\u00e7\u00f5es v\u00e3o at\u00e9 o dia 8 de mar\u00e7o e podem ser feitas <a href=\"http:\/\/www.apexbrasil.com.br\/inscricoes\/missoes\/2013\/as\/index.htm\">aqui<\/a>.<\/p>\n<p>Para mais informa\u00e7\u00f5es:<\/p>\n<p>(61) 3426-0202\/<br \/>\napexbrasil@apexbrasil.com.br<\/p>\n","protected":false},"excerpt":{"rendered":"<p>Entre os dias 19 e 24 de maio, empresas exportadoras nacionais poder\u00e3o participar de miss\u00e3o na Col\u00f4mbia e no Peru e conquistar novos mercados. Inscri\u00e7\u00f5es v\u00e3o at\u00e9 8 de mar\u00e7o.<\/p>\n","protected":false},"author":8,"featured_media":1553,"comment_status":"open","ping_status":"open","sticky":false,"template":"","format":"standard","meta":{"footnotes":"","_links_to":"","_links_to_target":""},"categories":[3],"tags":[],"calendar":[],"_links":{"self":[{"href":"https:\/\/anprotec.org.br\/site\/wp-json\/wp\/v2\/posts\/1546"}],"collection":[{"href":"https:\/\/anprotec.org.br\/site\/wp-json\/wp\/v2\/posts"}],"about":[{"href":"https:\/\/anprotec.org.br\/site\/wp-json\/wp\/v2\/types\/post"}],"author":[{"embeddable":true,"href":"https:\/\/anprotec.org.br\/site\/wp-json\/wp\/v2\/users\/8"}],"replies":[{"embeddable":true,"href":"https:\/\/anprotec.org.br\/site\/wp-json\/wp\/v2\/comments?post=1546"}],"version-history":[{"count":11,"href":"https:\/\/anprotec.org.br\/site\/wp-json\/wp\/v2\/posts\/1546\/revisions"}],"predecessor-version":[{"id":1552,"href":"https:\/\/anprotec.org.br\/site\/wp-json\/wp\/v2\/posts\/1546\/revisions\/1552"}],"wp:featuredmedia":[{"embeddable":true,"href":"https:\/\/anprotec.org.br\/site\/wp-json\/wp\/v2\/media\/1553"}],"wp:attachment":[{"href":"https:\/\/anprotec.org.br\/site\/wp-json\/wp\/v2\/media?parent=1546"}],"wp:term":[{"taxonomy":"category","embeddable":true,"href":"https:\/\/anprotec.org.br\/site\/wp-json\/wp\/v2\/categories?post=1546"},{"taxonomy":"post_tag","embeddable":true,"href":"https:\/\/anprotec.org.br\/site\/wp-json\/wp\/v2\/tags?post=1546"},{"taxonomy":"calendar","embeddable":true,"href":"https:\/\/anprotec.org.br\/site\/wp-json\/wp\/v2\/calendar?post=1546"}],"curies":[{"name":"wp","href":"https:\/\/api.w.org\/{rel}","templated":true}]}}