{"id":1528,"date":"2013-03-12T18:40:22","date_gmt":"2013-03-12T21:40:22","guid":{"rendered":"http:\/\/anprotec.org.br\/site\/?p=1528"},"modified":"2013-03-18T10:18:39","modified_gmt":"2013-03-18T13:18:39","slug":"inscricoes-abertas-para-curso-sobre-incubadoras","status":"publish","type":"post","link":"https:\/\/anprotec.org.br\/site\/2013\/03\/inscricoes-abertas-para-curso-sobre-incubadoras\/","title":{"rendered":"Curso sobre incubadoras reunir\u00e1 60 participantes"},"content":{"rendered":"<p style=\"text-align: justify;\">Entre os pr\u00f3ximos dias 18 e 21 de mar\u00e7o, Macei\u00f3 (AL) ser\u00e1 sede do curso &#8220;Planejamento e Gerenciamento de Incubadoras&#8221;, realizado por Anprotec e Sebrae, com organiza\u00e7\u00e3o da\u00a0Rede Alagoana de Incubadoras de Empresas (RAIE). Em fun\u00e7\u00e3o da grande demanda, foram abertas mais vagas que as inicialmente previstas, de modo que o curso ter\u00e1, ao todo, 60 participantes, de 15 estados brasileiros. S\u00e3o dirigentes e t\u00e9cnicos de institui\u00e7\u00f5es que j\u00e1 mant\u00eam uma incubadora de empresas ou que desejam implantar esse tipo de entidade.<\/p>\n<p style=\"text-align: justify;\">Com 32 horas-aula, o curso integra\u00a0a Matriz Educacional Sebrae-Anprotec e est\u00e1 alinhado \u00e0s diretrizes do modelo <a href=\"http:\/\/www.anprotec.org.br\/cerne\">Cerne<\/a>. As aulas ser\u00e3o realizadas na Casa da Ind\u00fastria Napole\u00e3o Barbosa (Av. Fernandes Lima, 385 Farol,\u00a0\u00a0Macei\u00f3 &#8211; AL).\u00a0A realiza\u00e7\u00e3o do curso conta com a parceria da Universidade Federal de Alagoas (UFAL), da Universidade Estadual de Ci\u00eancias da Sa\u00fade de Alagoas (Uncisal), do Centro Universit\u00e1rio Cesmac e do Senai Alagoas. Tamb\u00e9m apoiam a iniciativa a Federa\u00e7\u00e3o das Ind\u00fastrias do Estado de Alagoas (FIEA), o Instituto Euvaldo Lodi (IEL), a Funda\u00e7\u00e3o Universit\u00e1ria de Desenvolvimento de Extens\u00e3o e Pesquisa (Fundepes) e a Financiadora de Estudos e Projetos (Finep).<\/p>\n<p style=\"text-align: justify;\">Participante:\u00a0<a href=\"https:\/\/anprotec.org.br\/site\/curso-planejamento-e-gerenciamento-de-incubadoras-maceio-al-18-a-21032013\/\">CONFIRA SUGEST\u00d5ES DE HOSPEDAGEM EM MACEI\u00d3<\/a><\/p>\n","protected":false},"excerpt":{"rendered":"<p>Planejamento e gerenciamento de incubadoras s\u00e3o os temas do curso que ser\u00e1 realizado entre 18 e 21 de mar\u00e7o em Macei\u00f3 (AL),  em parceria com o Sebrae e a Rede Alagoana. <\/p>\n","protected":false},"author":8,"featured_media":1529,"comment_status":"open","ping_status":"open","sticky":false,"template":"","format":"standard","meta":{"footnotes":"","_links_to":"","_links_to_target":""},"categories":[3],"tags":[],"calendar":[],"_links":{"self":[{"href":"https:\/\/anprotec.org.br\/site\/wp-json\/wp\/v2\/posts\/1528"}],"collection":[{"href":"https:\/\/anprotec.org.br\/site\/wp-json\/wp\/v2\/posts"}],"about":[{"href":"https:\/\/anprotec.org.br\/site\/wp-json\/wp\/v2\/types\/post"}],"author":[{"embeddable":true,"href":"https:\/\/anprotec.org.br\/site\/wp-json\/wp\/v2\/users\/8"}],"replies":[{"embeddable":true,"href":"https:\/\/anprotec.org.br\/site\/wp-json\/wp\/v2\/comments?post=1528"}],"version-history":[{"count":25,"href":"https:\/\/anprotec.org.br\/site\/wp-json\/wp\/v2\/posts\/1528\/revisions"}],"predecessor-version":[{"id":1967,"href":"https:\/\/anprotec.org.br\/site\/wp-json\/wp\/v2\/posts\/1528\/revisions\/1967"}],"wp:featuredmedia":[{"embeddable":true,"href":"https:\/\/anprotec.org.br\/site\/wp-json\/wp\/v2\/media\/1529"}],"wp:attachment":[{"href":"https:\/\/anprotec.org.br\/site\/wp-json\/wp\/v2\/media?parent=1528"}],"wp:term":[{"taxonomy":"category","embeddable":true,"href":"https:\/\/anprotec.org.br\/site\/wp-json\/wp\/v2\/categories?post=1528"},{"taxonomy":"post_tag","embeddable":true,"href":"https:\/\/anprotec.org.br\/site\/wp-json\/wp\/v2\/tags?post=1528"},{"taxonomy":"calendar","embeddable":true,"href":"https:\/\/anprotec.org.br\/site\/wp-json\/wp\/v2\/calendar?post=1528"}],"curies":[{"name":"wp","href":"https:\/\/api.w.org\/{rel}","templated":true}]}}