{"id":15150,"date":"2016-06-20T16:34:05","date_gmt":"2016-06-20T19:34:05","guid":{"rendered":"http:\/\/anprotec.org.br\/site\/?p=15150"},"modified":"2016-06-20T16:34:05","modified_gmt":"2016-06-20T19:34:05","slug":"projeto-leva-empresas-para-missao-na-europa","status":"publish","type":"post","link":"https:\/\/anprotec.org.br\/site\/2016\/06\/projeto-leva-empresas-para-missao-na-europa\/","title":{"rendered":"[:pt]Projeto leva empresas para miss\u00e3o na Europa[:]"},"content":{"rendered":"<p>[:pt]<div id=\"attachment_15151\" style=\"width: 310px\" class=\"wp-caption alignleft\"><img aria-describedby=\"caption-attachment-15151\" decoding=\"async\" loading=\"lazy\" class=\"wp-image-15151 size-medium\" src=\"https:\/\/anprotec.org.br\/site\/wp-content\/uploads\/2016\/06\/shutterstock_368173430-300x200.jpg\" alt=\"shutterstock_368173430\" width=\"300\" height=\"200\" srcset=\"https:\/\/anprotec.org.br\/site\/wp-content\/uploads\/2016\/06\/shutterstock_368173430-300x200.jpg 300w, https:\/\/anprotec.org.br\/site\/wp-content\/uploads\/2016\/06\/shutterstock_368173430-768x513.jpg 768w, https:\/\/anprotec.org.br\/site\/wp-content\/uploads\/2016\/06\/shutterstock_368173430-1024x683.jpg 1024w, https:\/\/anprotec.org.br\/site\/wp-content\/uploads\/2016\/06\/shutterstock_368173430.jpg 1452w\" sizes=\"(max-width: 300px) 100vw, 300px\" \/><p id=\"caption-attachment-15151\" class=\"wp-caption-text\">Foto: shutterstock<\/p><\/div>\n<p style=\"text-align: justify\">Seis empresas brasileiras inovadoras foram contempladas na quarta a\u00e7\u00e3o de inser\u00e7\u00e3o do Projeto de Apoio \u00e0 Internacionaliza\u00e7\u00e3o de Empreendimentos Inovadores desenvolvido pelas Associa\u00e7\u00e3o Nacional de Promotores de Empreendimentos Inovadores (Anprotec), Ag\u00eancia Brasileira de Promo\u00e7\u00e3o de Exporta\u00e7\u00f5es e Investimentos (Apex-Brasil) e Sebrae.<\/p>\n<p style=\"text-align: justify\">As empresas que passaram pelo processo de sele\u00e7\u00e3o j\u00e1 est\u00e3o em miss\u00e3o na Alemanha. A programa\u00e7\u00e3o teve in\u00edcio hoje (20\/06), em Berlim, e se estende at\u00e9 o pr\u00f3ximo dia 24, incluindo agendas de matchmaking customizadas para cada empresa participante. As atividades ter\u00e3o in\u00edcio no Parque Tecnol\u00f3gico Berlim Adlershof, ambiente de inova\u00e7\u00e3o que integra a plataforma e j\u00e1 recebeu empresas brasileiras por meio do projeto. Al\u00e9m de Berlim, a Miss\u00e3o passar\u00e1 por Munique, Col\u00f4nia, Nurembergue, Erlangen, Hamburgo e Dusseldorf, entre outras.<\/p>\n<p style=\"text-align: justify\">Cada empresa participa desta a\u00e7\u00e3o com a finalidade de prospectar neg\u00f3cios ou parcerias estrat\u00e9gicas, para alavancar-se no mercado foco da a\u00e7\u00e3o. Para isso, o projeto viabiliza reuni\u00f5es qualificadas com contrapartes alem\u00e3s . A programa\u00e7\u00e3o inicia-se junto ao Parque Tecnol\u00f3gico Berlim Adlershof, com workshops sobre como interagir com o mercado alem\u00e3o e o suporte local oferecido pelos parceiros.<\/p>\n<p style=\"text-align: justify\">As empresas integrantes desta miss\u00e3o s\u00e3o:<\/p>\n<p style=\"text-align: justify\">&#8211; Cybergia (<a href=\"http:\/\/anprotec.enviodemkt.com.br\/registra_clique.php?id=H%7C888923%7C261698%7C21182&amp;url=http%3A%2F%2Fwww.cybergia.com.br%2F\">www.cybergia.com.br<\/a>) &#8211; Biominas.<\/p>\n<p style=\"text-align: justify\">&#8211; Grupo I (<a href=\"http:\/\/anprotec.enviodemkt.com.br\/registra_clique.php?id=H%7C888924%7C261698%7C21182&amp;url=http%3A%2F%2Fwww.alfred.tv.br%2F\">www.alfred.tv.br<\/a>) &#8211; Porto Digital.<\/p>\n<p style=\"text-align: justify\">&#8211; Interactive (<a href=\"http:\/\/anprotec.enviodemkt.com.br\/registra_clique.php?id=H%7C888925%7C261698%7C21182&amp;url=http%3A%2F%2Fwww.interactivemobile.com.br%2F\">www.interactivemobile.com.br<\/a>) &#8211; AYTY \u2013 Incubadora de Empresas do IFAM.<\/p>\n<p style=\"text-align: justify\">&#8211; Mind the Grapth (<a href=\"http:\/\/anprotec.enviodemkt.com.br\/registra_clique.php?id=H%7C888926%7C261698%7C21182&amp;url=http%3A%2F%2Fwww.mindthegraph.com%2F\">www.mindthegraph.com<\/a>) &#8211; Incubadora Tecnol\u00f3gica de Campina Grande (ITCG).<\/p>\n<p style=\"text-align: justify\">&#8211; Neocontrol (<a href=\"http:\/\/anprotec.enviodemkt.com.br\/registra_clique.php?id=H%7C888927%7C261698%7C21182&amp;url=http%3A%2F%2Fwww.neocontrol.com.br%2F\">www.neocontrol.com.br<\/a>)\u00a0 &#8211; BH-TEC \u2013 Parque Tecnol\u00f3gico de Belo Horizonte.<\/p>\n<p style=\"text-align: justify\">&#8211; Siteware (<a href=\"http:\/\/anprotec.enviodemkt.com.br\/registra_clique.php?id=H%7C888928%7C261698%7C21182&amp;url=http%3A%2F%2Fwww.siteware.com.br%2F\">www.siteware.com.br<\/a>) &#8211;\u00a0 BH-TEC \u2013 Parque Tecnol\u00f3gico de Belo Horizonte.<\/p>\n<p style=\"text-align: justify\"><strong>Projeto<\/strong><\/p>\n<p style=\"text-align: justify\">O Projeto de Internacionaliza\u00e7\u00e3o de Empresas Inovadoras \u00e9 resultado da parceria firmada entre Anprotec, Apex-Brasil e Sebrae para impulsionar a inser\u00e7\u00e3o internacional de empresas brasileiras vinculadas a incubadoras e parques tecnol\u00f3gicos. Al\u00e9m de capacita\u00e7\u00f5es e da realiza\u00e7\u00e3o de sess\u00f5es de matchmaking em diversos pa\u00edses, o projeto inclui uma plataforma de suporte para a instala\u00e7\u00e3o de empreendimentos em ambientes de inova\u00e7\u00e3o no Brasil e no exterior. Dispon\u00edvel em <a href=\"http:\/\/www.land2land.com.br\">www.land2land.com.br<\/a>, a plataforma re\u00fane cerca de 40 ambientes de inova\u00e7\u00e3o, de 12 pa\u00edses, e permite que empreendedores de todo o mundo encontrem o lugar ideal para iniciar as atividades em um novo mercado.<\/p>\n<p>[:]<\/p>\n","protected":false},"excerpt":{"rendered":"<p>[:pt]Essa \u00e9 a quarta a\u00e7\u00e3o do Projeto de Apoio \u00e0 Internacionaliza\u00e7\u00e3o de Empreendimentos Inovadores, realizado pela Anprotec, Apex-Brasil e Sebrae. 6 empresas brasileiras inovadoras foram contempladas. [:]<\/p>\n","protected":false},"author":8,"featured_media":15151,"comment_status":"open","ping_status":"open","sticky":false,"template":"","format":"standard","meta":{"footnotes":"","_links_to":"","_links_to_target":""},"categories":[3],"tags":[],"calendar":[],"_links":{"self":[{"href":"https:\/\/anprotec.org.br\/site\/wp-json\/wp\/v2\/posts\/15150"}],"collection":[{"href":"https:\/\/anprotec.org.br\/site\/wp-json\/wp\/v2\/posts"}],"about":[{"href":"https:\/\/anprotec.org.br\/site\/wp-json\/wp\/v2\/types\/post"}],"author":[{"embeddable":true,"href":"https:\/\/anprotec.org.br\/site\/wp-json\/wp\/v2\/users\/8"}],"replies":[{"embeddable":true,"href":"https:\/\/anprotec.org.br\/site\/wp-json\/wp\/v2\/comments?post=15150"}],"version-history":[{"count":1,"href":"https:\/\/anprotec.org.br\/site\/wp-json\/wp\/v2\/posts\/15150\/revisions"}],"predecessor-version":[{"id":15152,"href":"https:\/\/anprotec.org.br\/site\/wp-json\/wp\/v2\/posts\/15150\/revisions\/15152"}],"wp:featuredmedia":[{"embeddable":true,"href":"https:\/\/anprotec.org.br\/site\/wp-json\/wp\/v2\/media\/15151"}],"wp:attachment":[{"href":"https:\/\/anprotec.org.br\/site\/wp-json\/wp\/v2\/media?parent=15150"}],"wp:term":[{"taxonomy":"category","embeddable":true,"href":"https:\/\/anprotec.org.br\/site\/wp-json\/wp\/v2\/categories?post=15150"},{"taxonomy":"post_tag","embeddable":true,"href":"https:\/\/anprotec.org.br\/site\/wp-json\/wp\/v2\/tags?post=15150"},{"taxonomy":"calendar","embeddable":true,"href":"https:\/\/anprotec.org.br\/site\/wp-json\/wp\/v2\/calendar?post=15150"}],"curies":[{"name":"wp","href":"https:\/\/api.w.org\/{rel}","templated":true}]}}