{"id":15138,"date":"2016-06-17T18:00:21","date_gmt":"2016-06-17T21:00:21","guid":{"rendered":"http:\/\/anprotec.org.br\/site\/?p=15138"},"modified":"2016-06-27T17:35:22","modified_gmt":"2016-06-27T20:35:22","slug":"anunciadas-finalistas-do-premio-ice","status":"publish","type":"post","link":"https:\/\/anprotec.org.br\/site\/2016\/06\/anunciadas-finalistas-do-premio-ice\/","title":{"rendered":"[:pt]Anunciadas finalistas do Pr\u00eamio ICE[:]"},"content":{"rendered":"<p>[:pt]<\/p>\n<p style=\"text-align: justify\"><img decoding=\"async\" loading=\"lazy\" class=\"alignleft wp-image-12563 size-medium\" src=\"https:\/\/anprotec.org.br\/site\/wp-content\/uploads\/2015\/11\/Slide1-300x164.jpg\" alt=\"Slide1\" width=\"300\" height=\"164\" srcset=\"https:\/\/anprotec.org.br\/site\/wp-content\/uploads\/2015\/11\/Slide1-300x164.jpg 300w, https:\/\/anprotec.org.br\/site\/wp-content\/uploads\/2015\/11\/Slide1.jpg 756w\" sizes=\"(max-width: 300px) 100vw, 300px\" \/>Foram anunciadas, nesta sexta-feira (17), as incubadoras de empresas indicadas ao Pr\u00eamio de Incuba\u00e7\u00e3o e Acelera\u00e7\u00e3o de Impacto, promovido por Anprotec, Instituto de Cidadania Empresarial (ICE) e Sebrae. A iniciativa integra o <a href=\"http:\/\/ice.org.br\/aceleracao-incubacao-impacto\/inscricao\/\" target=\"_blank\">Programa Acelera\u00e7\u00e3o e Incuba\u00e7\u00e3o de Impacto<\/a>, lan\u00e7ado no ano passado com o objetivo ampliar a abrang\u00eancia de neg\u00f3cios de impacto social no pa\u00eds.<\/p>\n<p style=\"text-align: justify\">Confira as institui\u00e7\u00f5es finalistas:<\/p>\n<ul style=\"text-align: justify\">\n<li>Incubadora de Empresas da Universidade Federal do Paran\u00e1 (PR)<\/li>\n<li>Incubadora de Empresas de Base Tecnol\u00f3gica Centev\/UFV (MG)<\/li>\n<li>Incubadora de Empresas de Patos de Minas (MG)<\/li>\n<li>Incubadora do Centro de Empreendimentos em Inform\u00e1tica da Universidade Federal do Rio Grande do Sul (UFRGS)<\/li>\n<li>Incubadora Santos Dumont\/Parque Tecnol\u00f3gico Itaip\u00fa (PR)<\/li>\n<li>Incubadora Tecnol\u00f3gica de Campina Grande (PB)<\/li>\n<li>Inova Sorocaba \/ Hubiz Inova\u00e7\u00e3o e Neg\u00f3cios (SP)<\/li>\n<li>Multincubadora Tecnol\u00f3gica do Instituto Federal do Rio Grande do Norte (RN)<\/li>\n<li>Programa Incubadoras da Universidade Estadual de Goi\u00e1s (GO)<\/li>\n<li>UNITEC \u2013 Unidade de Inova\u00e7\u00e3o e Tecnologia da UNISINOS (RS)<\/li>\n<\/ul>\n<p style=\"text-align: justify\">Ao longo dos \u00faltimos seis meses, 26 incubadoras e aceleradoras pr\u00e9-selecionadas, todas associadas \u00e0 Anprotec, receberam capacita\u00e7\u00e3o gratuita, presencial e online, para atua\u00e7\u00e3o na \u00e1rea. Entre as atividades do Programa estava a produ\u00e7\u00e3o de um Plano de A\u00e7\u00e3o para inclus\u00e3o de neg\u00f3cios de impacto em seu portf\u00f3lio. Com base nesse plano, foram selecionadas as dez incubadoras indicadas ao Pr\u00eamio.<\/p>\n<p style=\"text-align: justify\">As finalistas participar\u00e3o gratuitamente do 2\u00ba F\u00f3rum Brasileiro de Finan\u00e7as Sociais e Neg\u00f3cios de Impacto, a ser realizado nos dias 3 e 4 de agosto em S\u00e3o Paulo (SP). Durante o evento, representantes das incubadoras apresentar\u00e3o seus planos de a\u00e7\u00e3o para uma banca de especialistas, que selecionar\u00e1 as cinco melhores propostas.<\/p>\n<p style=\"text-align: justify\">Como pr\u00eamio, as incubadoras receber\u00e3o R$ 25 mil\u00a0para execu\u00e7\u00e3o do plano, al\u00e9m de mentoria e vouchers em servi\u00e7os do Sebrae voltados aos empreendedores sociais incubados.<\/p>\n<p>[:]<\/p>\n","protected":false},"excerpt":{"rendered":"<p>[:pt]As selecionadas participar\u00e3o gratuitamente do 2\u00ba F\u00f3rum Brasileiro de Finan\u00e7as Sociais e Neg\u00f3cios de Impacto. Como pr\u00eamio, as incubadoras receber\u00e3o R$ 25 mil para execu\u00e7\u00e3o do plano. [:]<\/p>\n","protected":false},"author":8,"featured_media":12563,"comment_status":"open","ping_status":"open","sticky":false,"template":"","format":"standard","meta":{"footnotes":"","_links_to":"","_links_to_target":""},"categories":[3],"tags":[],"calendar":[],"_links":{"self":[{"href":"https:\/\/anprotec.org.br\/site\/wp-json\/wp\/v2\/posts\/15138"}],"collection":[{"href":"https:\/\/anprotec.org.br\/site\/wp-json\/wp\/v2\/posts"}],"about":[{"href":"https:\/\/anprotec.org.br\/site\/wp-json\/wp\/v2\/types\/post"}],"author":[{"embeddable":true,"href":"https:\/\/anprotec.org.br\/site\/wp-json\/wp\/v2\/users\/8"}],"replies":[{"embeddable":true,"href":"https:\/\/anprotec.org.br\/site\/wp-json\/wp\/v2\/comments?post=15138"}],"version-history":[{"count":5,"href":"https:\/\/anprotec.org.br\/site\/wp-json\/wp\/v2\/posts\/15138\/revisions"}],"predecessor-version":[{"id":15291,"href":"https:\/\/anprotec.org.br\/site\/wp-json\/wp\/v2\/posts\/15138\/revisions\/15291"}],"wp:featuredmedia":[{"embeddable":true,"href":"https:\/\/anprotec.org.br\/site\/wp-json\/wp\/v2\/media\/12563"}],"wp:attachment":[{"href":"https:\/\/anprotec.org.br\/site\/wp-json\/wp\/v2\/media?parent=15138"}],"wp:term":[{"taxonomy":"category","embeddable":true,"href":"https:\/\/anprotec.org.br\/site\/wp-json\/wp\/v2\/categories?post=15138"},{"taxonomy":"post_tag","embeddable":true,"href":"https:\/\/anprotec.org.br\/site\/wp-json\/wp\/v2\/tags?post=15138"},{"taxonomy":"calendar","embeddable":true,"href":"https:\/\/anprotec.org.br\/site\/wp-json\/wp\/v2\/calendar?post=15138"}],"curies":[{"name":"wp","href":"https:\/\/api.w.org\/{rel}","templated":true}]}}