{"id":14662,"date":"2016-04-27T18:53:51","date_gmt":"2016-04-27T21:53:51","guid":{"rendered":"http:\/\/anprotec.org.br\/site\/?p=14662"},"modified":"2016-04-27T18:53:51","modified_gmt":"2016-04-27T21:53:51","slug":"ultimos-dias-para-inscricao-no-curso-do-inpi","status":"publish","type":"post","link":"https:\/\/anprotec.org.br\/site\/2016\/04\/ultimos-dias-para-inscricao-no-curso-do-inpi\/","title":{"rendered":"[:pt]\u00daltimos dias para inscri\u00e7\u00e3o no curso do INPI [:]"},"content":{"rendered":"<p>[:pt]<\/p>\n<p style=\"text-align: justify\"><img decoding=\"async\" loading=\"lazy\" class=\"alignleft size-thumbnail wp-image-14663\" src=\"https:\/\/anprotec.org.br\/site\/wp-content\/uploads\/2016\/04\/inpi-270x160.jpg\" alt=\"inpi\" width=\"270\" height=\"160\" \/>Est\u00e3o abertas at\u00e9 a pr\u00f3xima sexta-feira (29) as inscri\u00e7\u00f5es para o Curso Geral de Propriedade Intelectual \u00e0 Dist\u00e2ncia (DL 101P), oferecido pelo Instituto Nacional de Propriedade Intelectual (INPI) em parceria com a Organiza\u00e7\u00e3o Mundial de Propriedade Intelectual (OMPI). O curso gratuito ser\u00e1 realizado de 9 de maio a 29 de junho inteiramente online e possui carga hor\u00e1ria de 75 horas. As inscri\u00e7\u00f5es dever\u00e3o ser realizadas pelo e-mail <a href=\"mailto:ead@inpi.gov.br\">ead@inpi.gov.br<\/a> e as vagas s\u00e3o limitadas.<\/p>\n<p style=\"text-align: justify\">O curso apresentar\u00e1 uma vis\u00e3o geral sobre propriedade intelectual, com enfoque na legisla\u00e7\u00e3o brasileira, como: direitos autorais, patentes, marcas, indica\u00e7\u00f5es geogr\u00e1ficas, desenhos industriais, prote\u00e7\u00e3o de novas variedades vegetais\/cultivares, concorr\u00eancia desleal, informa\u00e7\u00e3o tecnol\u00f3gica, contratos de tecnologia e tratados internacionais. Para receber a certifica\u00e7\u00e3o o aluno dever\u00e1 acertar pelo menos 70% da prova final.<\/p>\n<p style=\"text-align: justify\">Mais informa\u00e7\u00f5es no site do <a href=\"http:\/\/simi.org.br\/noticias\/view\/inpi-abre-inscricoes-para-2-edicao-de-2016-do-curso-de-propriedade-intelectual-a-distancia.html\">Sistema Mineiro de Inova\u00e7\u00e3o<\/a>.<\/p>\n<p style=\"text-align: justify\">*Com informa\u00e7\u00f5es do N\u00facleo de Inova\u00e7\u00e3o Tecnol\u00f3gica (NIT) Mantiqueira.<\/p>\n<p>[:]<\/p>\n","protected":false},"excerpt":{"rendered":"<p>[:pt]O Instituto Nacional de Propriedade Intelectual realizar\u00e1 a 2\u00aa edi\u00e7\u00e3o de 2016 do curso de Propriedade Intelectual \u00e0 dist\u00e2ncia, aberto, online e gratuito. Inscri\u00e7\u00f5es at\u00e9 29\/04.[:]<\/p>\n","protected":false},"author":8,"featured_media":14663,"comment_status":"open","ping_status":"open","sticky":false,"template":"","format":"standard","meta":{"footnotes":"","_links_to":"","_links_to_target":""},"categories":[3],"tags":[],"calendar":[],"_links":{"self":[{"href":"https:\/\/anprotec.org.br\/site\/wp-json\/wp\/v2\/posts\/14662"}],"collection":[{"href":"https:\/\/anprotec.org.br\/site\/wp-json\/wp\/v2\/posts"}],"about":[{"href":"https:\/\/anprotec.org.br\/site\/wp-json\/wp\/v2\/types\/post"}],"author":[{"embeddable":true,"href":"https:\/\/anprotec.org.br\/site\/wp-json\/wp\/v2\/users\/8"}],"replies":[{"embeddable":true,"href":"https:\/\/anprotec.org.br\/site\/wp-json\/wp\/v2\/comments?post=14662"}],"version-history":[{"count":1,"href":"https:\/\/anprotec.org.br\/site\/wp-json\/wp\/v2\/posts\/14662\/revisions"}],"predecessor-version":[{"id":14664,"href":"https:\/\/anprotec.org.br\/site\/wp-json\/wp\/v2\/posts\/14662\/revisions\/14664"}],"wp:featuredmedia":[{"embeddable":true,"href":"https:\/\/anprotec.org.br\/site\/wp-json\/wp\/v2\/media\/14663"}],"wp:attachment":[{"href":"https:\/\/anprotec.org.br\/site\/wp-json\/wp\/v2\/media?parent=14662"}],"wp:term":[{"taxonomy":"category","embeddable":true,"href":"https:\/\/anprotec.org.br\/site\/wp-json\/wp\/v2\/categories?post=14662"},{"taxonomy":"post_tag","embeddable":true,"href":"https:\/\/anprotec.org.br\/site\/wp-json\/wp\/v2\/tags?post=14662"},{"taxonomy":"calendar","embeddable":true,"href":"https:\/\/anprotec.org.br\/site\/wp-json\/wp\/v2\/calendar?post=14662"}],"curies":[{"name":"wp","href":"https:\/\/api.w.org\/{rel}","templated":true}]}}