{"id":14638,"date":"2016-04-25T14:47:37","date_gmt":"2016-04-25T17:47:37","guid":{"rendered":"http:\/\/anprotec.org.br\/site\/?p=14638"},"modified":"2016-04-25T14:47:37","modified_gmt":"2016-04-25T17:47:37","slug":"mdic-lanca-programa-de-exportacao-em-belem-pa","status":"publish","type":"post","link":"https:\/\/anprotec.org.br\/site\/2016\/04\/mdic-lanca-programa-de-exportacao-em-belem-pa\/","title":{"rendered":"[:pt]MDIC lan\u00e7a programa de exporta\u00e7\u00e3o em Bel\u00e9m (PA)[:]"},"content":{"rendered":"<p>[:pt]<\/p>\n<p style=\"text-align: justify\"><img decoding=\"async\" loading=\"lazy\" class=\"alignleft size-full wp-image-14639\" src=\"https:\/\/anprotec.org.br\/site\/wp-content\/uploads\/2016\/04\/pnce-par\u00e1.jpg\" alt=\"pnce par\u00e1\" width=\"270\" height=\"160\" \/>O Minist\u00e9rio de Estado do Desenvolvimento, Ind\u00fastria e Com\u00e9rcio Exterior (MDIC) realizar\u00e1 no pr\u00f3ximo dia 16 de maio, das 8h \u00e0s 18h30, a Cerim\u00f4nia de Lan\u00e7amento do Plano Nacional da Cultura Exportadora (PNCE) em Bel\u00e9m (PA).\u00a0 O plano oferece ao setor produtivo ferramentas de capacita\u00e7\u00e3o, consultoria, intelig\u00eancia comercial, entre outras, para impulsionar a economia brasileira por meio da inser\u00e7\u00e3o de empresas no com\u00e9rcio internacional. Inscri\u00e7\u00f5es abertas at\u00e9 30 de abril neste <a href=\"https:\/\/docs.google.com\/a\/relataeditorial.com\/forms\/d\/1E4Ul-nLwXwkKH8dIBH5lEPhl1JGxkjrJruMkyiJxkdA\/viewform\">link<\/a>.<\/p>\n<p style=\"text-align: justify\">Durante o evento, ser\u00e3o anunciadas duas a\u00e7\u00f5es do PNCE para o estado do Par\u00e1: o Projeto Extens\u00e3o Industrial Exportadora (PEIEX), que visa qualificar empresas para a exporta\u00e7\u00e3o, e a Rodada de Neg\u00f3cios Brasil Trade, que gera para as micro, pequenas e m\u00e9dias empresas oportunidades de comercializar seus produtos no mercado externo por meio de parcerias com a Ag\u00eancia Brasileira de Promo\u00e7\u00e3o de Exporta\u00e7\u00f5es e Investimentos (Apex-Brasil). O evento ser\u00e1 realizado na Federa\u00e7\u00e3o das Ind\u00fastrias do Estado do Par\u00e1 (Fiepa), 9\u00ba andar, Bloco &#8220;B&#8221;.<\/p>\n<p style=\"text-align: justify\">Mais informa\u00e7\u00f5es no site da <a href=\"http:\/\/www.apexbrasil.com.br\/home\/index\">Apex-Brasil<\/a>.<\/p>\n<p style=\"text-align: justify\">*Com informa\u00e7\u00f5es da Apex-Brasil.<\/p>\n<p>[:]<\/p>\n","protected":false},"excerpt":{"rendered":"<p>[:pt]<br \/>\nO Minist\u00e9rio do Desenvolvimento, Ind\u00fastria e Com\u00e9rcio Exterior lan\u00e7ar\u00e1 no pr\u00f3ximo dia 16 de maio o Plano Nacional da Cultura Exportadora (PNCE) no estado do Par\u00e1. Inscri\u00e7\u00f5es abertas.[:]<\/p>\n","protected":false},"author":8,"featured_media":14639,"comment_status":"open","ping_status":"open","sticky":false,"template":"","format":"standard","meta":{"footnotes":"","_links_to":"","_links_to_target":""},"categories":[3],"tags":[],"calendar":[],"_links":{"self":[{"href":"https:\/\/anprotec.org.br\/site\/wp-json\/wp\/v2\/posts\/14638"}],"collection":[{"href":"https:\/\/anprotec.org.br\/site\/wp-json\/wp\/v2\/posts"}],"about":[{"href":"https:\/\/anprotec.org.br\/site\/wp-json\/wp\/v2\/types\/post"}],"author":[{"embeddable":true,"href":"https:\/\/anprotec.org.br\/site\/wp-json\/wp\/v2\/users\/8"}],"replies":[{"embeddable":true,"href":"https:\/\/anprotec.org.br\/site\/wp-json\/wp\/v2\/comments?post=14638"}],"version-history":[{"count":1,"href":"https:\/\/anprotec.org.br\/site\/wp-json\/wp\/v2\/posts\/14638\/revisions"}],"predecessor-version":[{"id":14640,"href":"https:\/\/anprotec.org.br\/site\/wp-json\/wp\/v2\/posts\/14638\/revisions\/14640"}],"wp:featuredmedia":[{"embeddable":true,"href":"https:\/\/anprotec.org.br\/site\/wp-json\/wp\/v2\/media\/14639"}],"wp:attachment":[{"href":"https:\/\/anprotec.org.br\/site\/wp-json\/wp\/v2\/media?parent=14638"}],"wp:term":[{"taxonomy":"category","embeddable":true,"href":"https:\/\/anprotec.org.br\/site\/wp-json\/wp\/v2\/categories?post=14638"},{"taxonomy":"post_tag","embeddable":true,"href":"https:\/\/anprotec.org.br\/site\/wp-json\/wp\/v2\/tags?post=14638"},{"taxonomy":"calendar","embeddable":true,"href":"https:\/\/anprotec.org.br\/site\/wp-json\/wp\/v2\/calendar?post=14638"}],"curies":[{"name":"wp","href":"https:\/\/api.w.org\/{rel}","templated":true}]}}