{"id":14610,"date":"2016-04-20T11:39:58","date_gmt":"2016-04-20T14:39:58","guid":{"rendered":"http:\/\/anprotec.org.br\/site\/?p=14610"},"modified":"2016-04-20T12:01:05","modified_gmt":"2016-04-20T15:01:05","slug":"incubadora-da-ufg-realiza-workshop","status":"publish","type":"post","link":"https:\/\/anprotec.org.br\/site\/2016\/04\/incubadora-da-ufg-realiza-workshop\/","title":{"rendered":"[:pt]Incubadora da UFG realiza workshop[:]"},"content":{"rendered":"<p>[:pt]<\/p>\n<p style=\"text-align: justify\"><img decoding=\"async\" loading=\"lazy\" class=\"alignleft size-thumbnail wp-image-14615\" src=\"https:\/\/anprotec.org.br\/site\/wp-content\/uploads\/2016\/04\/incubadora_2-270x160.jpg\" alt=\"workshop proine\" width=\"270\" height=\"160\" \/>No \u00faltimo dia 19 de abril, o\u00a0Centro de Empreendedorismo e Incuba\u00e7\u00e3o da Universidade Federal de Goi\u00e1s (Proine\/UFG) realizou\u00a0o\u00a0\u2018Workshop: Incubadoras de Empresas e as Novas Experi\u00eancias no Fomento ao Empreendedorismo\u2019. O evento apresentou temas como experi\u00eancias em incuba\u00e7\u00e3o de empresas, novos modelos de fomento ao empreendedorismo, aceleradoras e troca de experi\u00eancias. A Superintendente da Anprotec, Sheila Oliveira Pires, participou do evento.<\/p>\n<p style=\"text-align: justify\">Durante o evento, foram realizadas duas mesas-redondas sobre\u00a0experi\u00eancias em incuba\u00e7\u00e3o de empresas no \u00e2mbito privado e p\u00fablico, novos modelos de fomento ao empreendedorismo e a atua\u00e7\u00e3o dos centros de empreendedorismo, aceleradoras e unidades de forma\u00e7\u00e3o empreendedora. Al\u00e9m disso,\u00a0ocorreu o lan\u00e7amento do &#8220;Manual Incuba\u00e7\u00e3o de Empresas &#8211; Conceitos, Metodologias e Pr\u00e1ticas&#8221;, escrito pela gerente do Proine\/UFG, Em\u00edlia Ros\u00e2ngela Pires da Silva Franco.<\/p>\n<p style=\"text-align: justify\">Mais informa\u00e7\u00f5es no site da <a href=\"https:\/\/www.ufg.br\/n\/87972-evento-discute-o-papel-das-incubadoras-no-empreendedorismo\" target=\"_blank\">UFG<\/a>.<\/p>\n<p style=\"text-align: justify\">*Com informa\u00e7\u00f5es da Ascom\/UFG.<br \/>\n*Foto: Victor Martins.<\/p>\n<p>[:]<\/p>\n","protected":false},"excerpt":{"rendered":"<p>[:pt]Na \u00faltima quarta-feira (19) o Centro de Empreendedorismo e Inova\u00e7\u00e3o (Proine) da Universidade Federal de Goi\u00e1s, promoveu curso sobre incubadoras de empresas e fomento ao empreendedorismo.[:]<\/p>\n","protected":false},"author":8,"featured_media":14615,"comment_status":"open","ping_status":"open","sticky":false,"template":"","format":"standard","meta":{"footnotes":"","_links_to":"","_links_to_target":""},"categories":[3],"tags":[],"calendar":[],"_links":{"self":[{"href":"https:\/\/anprotec.org.br\/site\/wp-json\/wp\/v2\/posts\/14610"}],"collection":[{"href":"https:\/\/anprotec.org.br\/site\/wp-json\/wp\/v2\/posts"}],"about":[{"href":"https:\/\/anprotec.org.br\/site\/wp-json\/wp\/v2\/types\/post"}],"author":[{"embeddable":true,"href":"https:\/\/anprotec.org.br\/site\/wp-json\/wp\/v2\/users\/8"}],"replies":[{"embeddable":true,"href":"https:\/\/anprotec.org.br\/site\/wp-json\/wp\/v2\/comments?post=14610"}],"version-history":[{"count":2,"href":"https:\/\/anprotec.org.br\/site\/wp-json\/wp\/v2\/posts\/14610\/revisions"}],"predecessor-version":[{"id":14616,"href":"https:\/\/anprotec.org.br\/site\/wp-json\/wp\/v2\/posts\/14610\/revisions\/14616"}],"wp:featuredmedia":[{"embeddable":true,"href":"https:\/\/anprotec.org.br\/site\/wp-json\/wp\/v2\/media\/14615"}],"wp:attachment":[{"href":"https:\/\/anprotec.org.br\/site\/wp-json\/wp\/v2\/media?parent=14610"}],"wp:term":[{"taxonomy":"category","embeddable":true,"href":"https:\/\/anprotec.org.br\/site\/wp-json\/wp\/v2\/categories?post=14610"},{"taxonomy":"post_tag","embeddable":true,"href":"https:\/\/anprotec.org.br\/site\/wp-json\/wp\/v2\/tags?post=14610"},{"taxonomy":"calendar","embeddable":true,"href":"https:\/\/anprotec.org.br\/site\/wp-json\/wp\/v2\/calendar?post=14610"}],"curies":[{"name":"wp","href":"https:\/\/api.w.org\/{rel}","templated":true}]}}