{"id":14481,"date":"2016-04-06T15:56:49","date_gmt":"2016-04-06T18:56:49","guid":{"rendered":"http:\/\/anprotec.org.br\/site\/?p=14481"},"modified":"2016-04-06T16:57:37","modified_gmt":"2016-04-06T19:57:37","slug":"proin-ueg-abre-processo-seletivo","status":"publish","type":"post","link":"https:\/\/anprotec.org.br\/site\/2016\/04\/proin-ueg-abre-processo-seletivo\/","title":{"rendered":"[:pt]PROIN UEG abre processo seletivo[:]"},"content":{"rendered":"<p>[:pt]<\/p>\n<p style=\"text-align: justify\"><img decoding=\"async\" loading=\"lazy\" class=\"alignleft size-thumbnail wp-image-1858\" src=\"https:\/\/anprotec.org.br\/site\/wp-content\/uploads\/2013\/03\/PROIN-UEG-270x160.jpg\" alt=\"PROIN UEG\" width=\"270\" height=\"160\" srcset=\"https:\/\/anprotec.org.br\/site\/wp-content\/uploads\/2013\/03\/PROIN-UEG-270x160.jpg 270w, https:\/\/anprotec.org.br\/site\/wp-content\/uploads\/2013\/03\/PROIN-UEG-300x178.jpg 300w, https:\/\/anprotec.org.br\/site\/wp-content\/uploads\/2013\/03\/PROIN-UEG.jpg 399w\" sizes=\"(max-width: 270px) 100vw, 270px\" \/>O Programa de Incubadoras de Universidade Estadual de Goi\u00e1s (<a href=\"http:\/\/www.proin.ueg.br\/noticias.php?noticia=301\" target=\"_blank\">PROIN-UEG<\/a>) abriu edital para selecionar novas empresas e projetos para seu programa de incuba\u00e7\u00e3o. Ao todo, s\u00e3o tr\u00eas vagas para empresas na modalidade de incuba\u00e7\u00e3o residente e 10 vagas para projetos de pessoas f\u00edsicas para pr\u00e9-incuba\u00e7\u00e3o. As inscri\u00e7\u00f5es podem ser feitas neste <a href=\"https:\/\/docs.google.com\/forms\/d\/1v4-LQsjBTeN26Zb7uvMD_YQr3il67zB2MtyfcoZElTw\/viewform\">link<\/a> at\u00e9 6 de maio.<\/p>\n<p style=\"text-align: justify\">O PROIN apoia e incentiva a cria\u00e7\u00e3o e o desenvolvimento de empreendimentos inovadores, para viabilizar seu acesso \u00e0 inova\u00e7\u00e3o tecnol\u00f3gica e sua inser\u00e7\u00e3o competitiva no mercado. Para isso, o Programa oferece suporte operacional, estrat\u00e9gico e tecnol\u00f3gico e promove o desenvolvimento de eixos fundamentais para o sucesso de um neg\u00f3cio: empreendedor, tecnol\u00f3gico, gest\u00e3o, mercadol\u00f3gico e financeiro.<\/p>\n<p style=\"text-align: justify\">S\u00e3o eleg\u00edveis propostas apresentadas por pessoas f\u00edsicas ou jur\u00eddicas, individualmente ou em grupo, que possuam capacidade t\u00e9cnica para o desenvolvimento do projeto. Entende-se como pessoa f\u00edsica qualificada para efeito neste edital: pessoas com idade igual ou superior a 18 anos, alunos dos cursos de gradua\u00e7\u00e3o e de p\u00f3s-gradua\u00e7\u00e3o da UEG e de outras institui\u00e7\u00f5es de ensino superior, membros do corpo t\u00e9cnico e administrativo da UEG, empreendedores da iniciativa privada, docentes e pesquisadores da UEG e de outras institui\u00e7\u00f5es de ensino e pesquisa e comunidade em geral.<\/p>\n<p style=\"text-align: justify\">* Com informa\u00e7\u00f5es do PROIN UEG<\/p>\n<p>[:]<\/p>\n","protected":false},"excerpt":{"rendered":"<p>[:pt]O Programa de Incubadoras de Universidade Estadual de Goi\u00e1s est\u00e1 com edital aberto at\u00e9 o dia 6 de maio, com tr\u00eas vagas para incuba\u00e7\u00e3o e 10 para pr\u00e9-incuba\u00e7\u00e3o.[:]<\/p>\n","protected":false},"author":8,"featured_media":1858,"comment_status":"open","ping_status":"open","sticky":false,"template":"","format":"standard","meta":{"footnotes":"","_links_to":"","_links_to_target":""},"categories":[3],"tags":[],"calendar":[],"_links":{"self":[{"href":"https:\/\/anprotec.org.br\/site\/wp-json\/wp\/v2\/posts\/14481"}],"collection":[{"href":"https:\/\/anprotec.org.br\/site\/wp-json\/wp\/v2\/posts"}],"about":[{"href":"https:\/\/anprotec.org.br\/site\/wp-json\/wp\/v2\/types\/post"}],"author":[{"embeddable":true,"href":"https:\/\/anprotec.org.br\/site\/wp-json\/wp\/v2\/users\/8"}],"replies":[{"embeddable":true,"href":"https:\/\/anprotec.org.br\/site\/wp-json\/wp\/v2\/comments?post=14481"}],"version-history":[{"count":2,"href":"https:\/\/anprotec.org.br\/site\/wp-json\/wp\/v2\/posts\/14481\/revisions"}],"predecessor-version":[{"id":14483,"href":"https:\/\/anprotec.org.br\/site\/wp-json\/wp\/v2\/posts\/14481\/revisions\/14483"}],"wp:featuredmedia":[{"embeddable":true,"href":"https:\/\/anprotec.org.br\/site\/wp-json\/wp\/v2\/media\/1858"}],"wp:attachment":[{"href":"https:\/\/anprotec.org.br\/site\/wp-json\/wp\/v2\/media?parent=14481"}],"wp:term":[{"taxonomy":"category","embeddable":true,"href":"https:\/\/anprotec.org.br\/site\/wp-json\/wp\/v2\/categories?post=14481"},{"taxonomy":"post_tag","embeddable":true,"href":"https:\/\/anprotec.org.br\/site\/wp-json\/wp\/v2\/tags?post=14481"},{"taxonomy":"calendar","embeddable":true,"href":"https:\/\/anprotec.org.br\/site\/wp-json\/wp\/v2\/calendar?post=14481"}],"curies":[{"name":"wp","href":"https:\/\/api.w.org\/{rel}","templated":true}]}}