{"id":1387,"date":"2013-01-22T14:11:51","date_gmt":"2013-01-22T17:11:51","guid":{"rendered":"http:\/\/anprotec.org.br\/site\/?p=1387"},"modified":"2013-01-22T14:55:48","modified_gmt":"2013-01-22T17:55:48","slug":"pct-guama-prorroga-prazo-de-edital","status":"publish","type":"post","link":"https:\/\/anprotec.org.br\/site\/2013\/01\/pct-guama-prorroga-prazo-de-edital\/","title":{"rendered":"Parque Tecnol\u00f3gico Guam\u00e1 prorroga prazo de edital"},"content":{"rendered":"<p style=\"text-align: justify;\"><a href=\"https:\/\/anprotec.org.br\/site\/2013\/01\/pct-guama-prorroga-prazo-de-edital\/pctguama\/\" rel=\"attachment wp-att-1388\"><img decoding=\"async\" loading=\"lazy\" class=\"alignleft size-thumbnail wp-image-1388\" title=\"pctguama\" src=\"https:\/\/anprotec.org.br\/site\/wp-content\/uploads\/2013\/01\/pctguama-270x160.jpg\" alt=\"\" width=\"270\" height=\"160\" \/><\/a>O Parque de Ci\u00eancia e Tecnologia Guam\u00e1 (PCT Guam\u00e1) prorrogou o prazo at\u00e9 20 de mar\u00e7o para que empresas tecnol\u00f3gicas enviem suas propostas ao edital, lan\u00e7ado no fim do ano passado. \u00a0Est\u00e3o dispon\u00edveis cinco lotes com metragens que v\u00e3o de 2.481,08 m\u00b2 a 3.322,01 m\u00b2.<\/p>\n<p style=\"text-align: justify;\">O edital, que pode ser acessado pelo link <a href=\"http:\/\/www.comprasnet.gov.br\/\" target=\"_blank\">www.comprasnet.gov.br<\/a>, prioriza empreendimentos dedicados \u00e0 realiza\u00e7\u00e3o de atividades cient\u00edfico-tecnol\u00f3gicas, de atividades de pesquisa, desenvolvimento e inova\u00e7\u00e3o alinhados \u00e0s \u00e1reas priorit\u00e1rias de atua\u00e7\u00e3o do Parque: biotecnologia, energia, tecnologia da informa\u00e7\u00e3o e comunica\u00e7\u00e3o, tecnologia ambiental e tecnologia mineral.<\/p>\n<p style=\"text-align: justify;\">O PCT Guam\u00e1 fica em Bel\u00e9m do Par\u00e1 e foi o primeiro parque tecnol\u00f3gico instalado na Amaz\u00f4nia. Em opera\u00e7\u00e3o desde 2010, o PCT conta com grandes empreendimentos residentes, como o Centro de Excel\u00eancia em Efici\u00eancia Energ\u00e9tica da Amaz\u00f4nia (Ceamazon), o Instituto Nacional de Pesquisas Espaciais (INPE) e o Laborat\u00f3rio de Alta Tens\u00e3o.<\/p>\n<p style=\"text-align: justify;\">Em fase de implanta\u00e7\u00e3o est\u00e3o o Instituto Tecnol\u00f3gico Vale, a Parafarma, oito laborat\u00f3rios e centros de pesquisa e desenvolvimento nas \u00e1reas de biotecnologia, tecnologia da informa\u00e7\u00e3o e comunica\u00e7\u00e3o e tecnologia ambiental e, em fase de projeto, o Instituto Senai de Tecnologia Mineral.<\/p>\n<p style=\"text-align: justify;\">Mais informa\u00e7\u00f5es:\u00a0<a href=\"tel:%2891%29%203321-8900\" target=\"_blank\">(91) 3321-8900<\/a>.<\/p>\n","protected":false},"excerpt":{"rendered":"<p>Empresas interessadas em se instalar no Parque t\u00eam at\u00e9 20 de mar\u00e7o para enviar propostas. As \u00e1reas priorit\u00e1rias s\u00e3o: biotecnologia, energia, TIC, meio-ambiente e tecnologia mineral.<\/p>\n","protected":false},"author":8,"featured_media":1388,"comment_status":"open","ping_status":"open","sticky":false,"template":"","format":"standard","meta":{"footnotes":"","_links_to":"","_links_to_target":""},"categories":[3],"tags":[],"calendar":[],"_links":{"self":[{"href":"https:\/\/anprotec.org.br\/site\/wp-json\/wp\/v2\/posts\/1387"}],"collection":[{"href":"https:\/\/anprotec.org.br\/site\/wp-json\/wp\/v2\/posts"}],"about":[{"href":"https:\/\/anprotec.org.br\/site\/wp-json\/wp\/v2\/types\/post"}],"author":[{"embeddable":true,"href":"https:\/\/anprotec.org.br\/site\/wp-json\/wp\/v2\/users\/8"}],"replies":[{"embeddable":true,"href":"https:\/\/anprotec.org.br\/site\/wp-json\/wp\/v2\/comments?post=1387"}],"version-history":[{"count":11,"href":"https:\/\/anprotec.org.br\/site\/wp-json\/wp\/v2\/posts\/1387\/revisions"}],"predecessor-version":[{"id":1392,"href":"https:\/\/anprotec.org.br\/site\/wp-json\/wp\/v2\/posts\/1387\/revisions\/1392"}],"wp:featuredmedia":[{"embeddable":true,"href":"https:\/\/anprotec.org.br\/site\/wp-json\/wp\/v2\/media\/1388"}],"wp:attachment":[{"href":"https:\/\/anprotec.org.br\/site\/wp-json\/wp\/v2\/media?parent=1387"}],"wp:term":[{"taxonomy":"category","embeddable":true,"href":"https:\/\/anprotec.org.br\/site\/wp-json\/wp\/v2\/categories?post=1387"},{"taxonomy":"post_tag","embeddable":true,"href":"https:\/\/anprotec.org.br\/site\/wp-json\/wp\/v2\/tags?post=1387"},{"taxonomy":"calendar","embeddable":true,"href":"https:\/\/anprotec.org.br\/site\/wp-json\/wp\/v2\/calendar?post=1387"}],"curies":[{"name":"wp","href":"https:\/\/api.w.org\/{rel}","templated":true}]}}