{"id":13598,"date":"2016-01-22T11:28:32","date_gmt":"2016-01-22T14:28:32","guid":{"rendered":"http:\/\/anprotec.org.br\/site\/?p=13598"},"modified":"2016-01-22T11:28:32","modified_gmt":"2016-01-22T14:28:32","slug":"cide-realiza-reuniao-para-definir-diretrizes","status":"publish","type":"post","link":"https:\/\/anprotec.org.br\/site\/2016\/01\/cide-realiza-reuniao-para-definir-diretrizes\/","title":{"rendered":"<!--:pt-->CIDE realiza reuni\u00e3o para definir diretrizes<!--:-->"},"content":{"rendered":"<p><!--:pt--><\/p>\n<p style=\"text-align: justify\"><img decoding=\"async\" loading=\"lazy\" class=\"alignleft size-thumbnail wp-image-13599\" alt=\"cide-reuniao\" src=\"https:\/\/anprotec.org.br\/site\/wp-content\/uploads\/2016\/01\/cide-reuniao-270x160.jpg\" width=\"270\" height=\"160\" \/>O Centro de Incuba\u00e7\u00e3o e Desenvolvimento Empresarial (CIDE), de Manaus, realizou, no in\u00edcio de janeiro, \u00a0uma reuni\u00e3o para estabelecer metas \u00e0 implanta\u00e7\u00e3o do Projeto F\u00eanix, contemplado pelo edital 019\/2014 \u2013 Pr\u00f3-Incubadoras \u2013 FAPEAM (Funda\u00e7\u00e3o de Amparo \u00e0 Pesquisa do Estado do Amazonas). O projeto foi criado para promover melhorias e resultados \u00e0 incubadora e, consequentemente, aos incubados. J\u00e1 o edital \u00e9 uma iniciativa da FAPEAM para financiar propostas de estrutura\u00e7\u00e3o de novas incubadoras e o desenvolvimento daquelas que estejam alinhadas ao Modelo de Centros de Refer\u00eancia para Apoio a Novos Empreendimentos (<a href=\"https:\/\/anprotec.org.br\/cerne\/\" target=\"_blank\">CERNE<\/a>), ampliando o n\u00famero e a qualidade de empreendimentos inovadores no Estado do Amazonas.<\/p>\n<p style=\"text-align: justify\">A reuni\u00e3o contou com a presen\u00e7a da equipe administrativa e financeira do CIDE, do diretor executivo, Jos\u00e9 Cunha Barbosa Grosso, \u00a0e da coordenadora do projeto, Ros\u00e1lia Padilha. \u201cO Projeto F\u00eanix visa, entre outras coisas, melhorar os processos de incuba\u00e7\u00e3o, proporcionando ao empreendedor capacita\u00e7\u00e3o, forma\u00e7\u00e3o, al\u00e9m de parcerias locais, nacionais e internacionais. Para alcan\u00e7ar esses objetivos, o pr\u00f3prio projeto prev\u00ea que o centro incuba\u00e7\u00e3o crie um comit\u00ea de gest\u00e3o, formado por colaboradores t\u00e9cnicos da incubadora, os quais realizar\u00e3o a\u00e7\u00f5es para que essas metas sejam alcan\u00e7adas\u201d, afirma Ros\u00e1lia.<a href=\"\/Users\/PC\/Downloads\/Incubadora%20realiza%20primeira%20reuni%C3%A3o%20para%20definir%20diretrizes.docx#_msocom_1\"><br \/>\n<\/a><\/p>\n<p style=\"text-align: justify\">Para o diretor executivo do CIDE, o projeto busca solu\u00e7\u00f5es no campo empresarial e pessoal porque \u201ccontempla tamb\u00e9m o relacionamento entre as incubadoras e os incubados. Isso \u00e9 fundamental. Dessa forma, voc\u00ea conhece o potencial do empreendedor, suas dificuldades, as metas, os riscos\u2026 e podemos buscar solu\u00e7\u00f5es e parcerias para ajud\u00e1-lo\u201d, comentou Barbosa.\u00a0<a href=\"\/Users\/PC\/Downloads\/Incubadora%20realiza%20primeira%20reuni%C3%A3o%20para%20definir%20diretrizes.docx#_msocom_1\"><br \/>\n<\/a><\/p>\n<p style=\"text-align: justify\">O projeto\u00a0 utilizar\u00e1\u00a0 a metodologia CERNE, um modelo de gest\u00e3o criado por Anprotec e Sebrae, que visa promover a melhoria expressiva nos resultados das incubadoras de diferentes setores de atua\u00e7\u00e3o. \u201cIndependente do tamanho e da idade, todas as incubadoras ter\u00e3o condi\u00e7\u00f5es de fazer\u00a0 as devidas adequa\u00e7\u00f5es exigidas do modelo Cerne, visando \u00e0 melhoria em planejamentos, capacita\u00e7\u00e3o, empreendimentos, assessorias, consultorias, acompanhamento, etc. Desse modo, podemos ter empreendimentos de sucesso\u201d, concluiu a coordenadora.<\/p>\n<p style=\"text-align: justify\">* Com informa\u00e7\u00f5es e foto do CIDE<\/p>\n<p><!--:--><\/p>\n","protected":false},"excerpt":{"rendered":"<p><!--:pt-->Centro de Incuba\u00e7\u00e3o e Desenvolvimento Empresarial, de Manaus (AM) vai implantar projeto contemplado por edital da FAPEAM, de acordo com a metodologia do Cerne.  <!--:--><\/p>\n","protected":false},"author":8,"featured_media":13599,"comment_status":"open","ping_status":"open","sticky":false,"template":"","format":"standard","meta":{"footnotes":"","_links_to":"","_links_to_target":""},"categories":[3],"tags":[],"calendar":[],"_links":{"self":[{"href":"https:\/\/anprotec.org.br\/site\/wp-json\/wp\/v2\/posts\/13598"}],"collection":[{"href":"https:\/\/anprotec.org.br\/site\/wp-json\/wp\/v2\/posts"}],"about":[{"href":"https:\/\/anprotec.org.br\/site\/wp-json\/wp\/v2\/types\/post"}],"author":[{"embeddable":true,"href":"https:\/\/anprotec.org.br\/site\/wp-json\/wp\/v2\/users\/8"}],"replies":[{"embeddable":true,"href":"https:\/\/anprotec.org.br\/site\/wp-json\/wp\/v2\/comments?post=13598"}],"version-history":[{"count":1,"href":"https:\/\/anprotec.org.br\/site\/wp-json\/wp\/v2\/posts\/13598\/revisions"}],"predecessor-version":[{"id":13600,"href":"https:\/\/anprotec.org.br\/site\/wp-json\/wp\/v2\/posts\/13598\/revisions\/13600"}],"wp:featuredmedia":[{"embeddable":true,"href":"https:\/\/anprotec.org.br\/site\/wp-json\/wp\/v2\/media\/13599"}],"wp:attachment":[{"href":"https:\/\/anprotec.org.br\/site\/wp-json\/wp\/v2\/media?parent=13598"}],"wp:term":[{"taxonomy":"category","embeddable":true,"href":"https:\/\/anprotec.org.br\/site\/wp-json\/wp\/v2\/categories?post=13598"},{"taxonomy":"post_tag","embeddable":true,"href":"https:\/\/anprotec.org.br\/site\/wp-json\/wp\/v2\/tags?post=13598"},{"taxonomy":"calendar","embeddable":true,"href":"https:\/\/anprotec.org.br\/site\/wp-json\/wp\/v2\/calendar?post=13598"}],"curies":[{"name":"wp","href":"https:\/\/api.w.org\/{rel}","templated":true}]}}