{"id":13558,"date":"2016-01-20T13:15:55","date_gmt":"2016-01-20T16:15:55","guid":{"rendered":"http:\/\/anprotec.org.br\/site\/?p=13558"},"modified":"2016-01-22T12:57:25","modified_gmt":"2016-01-22T15:57:25","slug":"governo-de-sao-paulo-credencia-parques","status":"publish","type":"post","link":"https:\/\/anprotec.org.br\/site\/2016\/01\/governo-de-sao-paulo-credencia-parques\/","title":{"rendered":"<!--:pt-->Governo de S\u00e3o Paulo credencia parques<!--:-->"},"content":{"rendered":"<p><!--:pt--><\/p>\n<p style=\"text-align: justify\"><img decoding=\"async\" loading=\"lazy\" class=\"alignleft size-thumbnail wp-image-13559\" alt=\"Alckmin\" src=\"https:\/\/anprotec.org.br\/site\/wp-content\/uploads\/2016\/01\/Alckmin-270x160.jpg\" width=\"270\" height=\"160\" \/>Nesta ter\u00e7a-feira, o governador Geraldo Alckmin credenciou sete novos parques tecnol\u00f3gicos do estado de S\u00e3o Paulo. Est\u00e3o na lista de credenciamento quatro empreendimentos localizados em Campinas &#8211; Unicamp, CTI, CPqD e Tecnopark -, e tr\u00eas nas cidades de Santo Andr\u00e9, Botucatu e S\u00e3o Jos\u00e9 do Rio Preto. Os parques passaram a fazer parte do Sistema Paulista de Parques Tecnol\u00f3gicos (SPTec), por meio do qual receber\u00e3o incentivos fiscais e realizar\u00e3o conv\u00eanios com o estado.<\/p>\n<p style=\"text-align: justify\">&#8220;O parque tecnol\u00f3gico une as universidades p\u00fablicas e privadas, os institutos de pesquisa e a iniciativa privada. Ent\u00e3o, ele faz uma sinergia de todos esses protagonistas para empresas de bases tecnol\u00f3gicas poderem ser incubadas, para elas poderem crescer&#8221;, declarou o governador.<\/p>\n<p style=\"text-align: justify\">Tais iniciativas j\u00e1 estavam credenciadas provisoriamente no SPTec. Na publica\u00e7\u00e3o do decreto n\u00ba 61.418, de 10 de agosto de 2015, foi acrescida uma disposi\u00e7\u00e3o transit\u00f3ria que possibilitou que os empreendimentos credenciados provisoriamente recebessem o status de definitivo.<\/p>\n<p style=\"text-align: justify\">As empresas com credenciamento definitivo no SPTec participam do programa estadual de incentivos fiscais, chamado Pr\u00f3-Parques. Institui\u00e7\u00f5es de apoio e empresas de base tecnol\u00f3gica poder\u00e3o utilizar cr\u00e9ditos acumulados de ICMS ou diferir o imposto para pagamento de bens e mercadorias a serem utilizados na realiza\u00e7\u00e3o de investimentos e no pagamento de ICMS relativo \u00e0 importa\u00e7\u00e3o de bens destinados ao ativo imobilizado.<\/p>\n<p style=\"text-align: justify\">Apoio aos parques tecnol\u00f3gicos<\/p>\n<p style=\"text-align: justify\">A fim de incentivar os parques tecnol\u00f3gicos, o governo do Estado de S\u00e3o Paulo criou o Sistema Paulista de Parques Tecnol\u00f3gicos (SPTec) para atrair investimentos e gerar novas empresas intensivas em conhecimento ou de base tecnol\u00f3gica, que promovam o desenvolvimento econ\u00f4mico do Estado.<\/p>\n<p style=\"text-align: justify\">O SPTec faz parte do Sistema Paulista de Ambientes de Inova\u00e7\u00e3o (Spai). No Estado de S\u00e3o Paulo, existem 28 iniciativas para implanta\u00e7\u00e3o desses empreendimentos, sendo que o Parque Tecnol\u00f3gico de S\u00e3o Jos\u00e9 dos Campos foi o primeiro a receber o status definitivo no Sistema. Desde ent\u00e3o, outros cinco parques tamb\u00e9m j\u00e1 receberam este t\u00edtulo. S\u00e3o eles: Parque Tecnol\u00f3gico de Sorocaba , Parque Tecnol\u00f3gico de Ribeir\u00e3o Preto, Parque Tecnol\u00f3gico de Piracicaba ,Parque Tecnol\u00f3gico de Santos e Parque Tecnol\u00f3gico de S\u00e3o Carlos (ParqTec).<\/p>\n<p style=\"text-align: justify\">*Com informa\u00e7\u00f5es do Portal do Governo do Estado.<br \/>\n*\u00a0Foto: A2img\/ Ciete Silv\u00e9rio<\/p>\n<p><!--:--><\/p>\n","protected":false},"excerpt":{"rendered":"<p><!--:pt-->Sete parques tecnol\u00f3gicos do estado de S\u00e3o Paulo passam a fazer parte do Sistema Paulista de Parques Tecnol\u00f3gicos. Eles receber\u00e3o incentivos fiscais e firmar\u00e3o conv\u00eanios com o estado.<!--:--><\/p>\n","protected":false},"author":8,"featured_media":13559,"comment_status":"open","ping_status":"open","sticky":false,"template":"","format":"standard","meta":{"footnotes":"","_links_to":"","_links_to_target":""},"categories":[3],"tags":[],"calendar":[],"_links":{"self":[{"href":"https:\/\/anprotec.org.br\/site\/wp-json\/wp\/v2\/posts\/13558"}],"collection":[{"href":"https:\/\/anprotec.org.br\/site\/wp-json\/wp\/v2\/posts"}],"about":[{"href":"https:\/\/anprotec.org.br\/site\/wp-json\/wp\/v2\/types\/post"}],"author":[{"embeddable":true,"href":"https:\/\/anprotec.org.br\/site\/wp-json\/wp\/v2\/users\/8"}],"replies":[{"embeddable":true,"href":"https:\/\/anprotec.org.br\/site\/wp-json\/wp\/v2\/comments?post=13558"}],"version-history":[{"count":3,"href":"https:\/\/anprotec.org.br\/site\/wp-json\/wp\/v2\/posts\/13558\/revisions"}],"predecessor-version":[{"id":13562,"href":"https:\/\/anprotec.org.br\/site\/wp-json\/wp\/v2\/posts\/13558\/revisions\/13562"}],"wp:featuredmedia":[{"embeddable":true,"href":"https:\/\/anprotec.org.br\/site\/wp-json\/wp\/v2\/media\/13559"}],"wp:attachment":[{"href":"https:\/\/anprotec.org.br\/site\/wp-json\/wp\/v2\/media?parent=13558"}],"wp:term":[{"taxonomy":"category","embeddable":true,"href":"https:\/\/anprotec.org.br\/site\/wp-json\/wp\/v2\/categories?post=13558"},{"taxonomy":"post_tag","embeddable":true,"href":"https:\/\/anprotec.org.br\/site\/wp-json\/wp\/v2\/tags?post=13558"},{"taxonomy":"calendar","embeddable":true,"href":"https:\/\/anprotec.org.br\/site\/wp-json\/wp\/v2\/calendar?post=13558"}],"curies":[{"name":"wp","href":"https:\/\/api.w.org\/{rel}","templated":true}]}}