{"id":12963,"date":"2015-12-03T16:07:54","date_gmt":"2015-12-03T19:07:54","guid":{"rendered":"http:\/\/anprotec.org.br\/site\/?p=12963"},"modified":"2015-12-09T16:56:28","modified_gmt":"2015-12-09T19:56:28","slug":"cafe-da-manha-reune-parceiros-e-autoridades","status":"publish","type":"post","link":"https:\/\/anprotec.org.br\/site\/2015\/12\/cafe-da-manha-reune-parceiros-e-autoridades\/","title":{"rendered":"<!--:pt-->Caf\u00e9 da Manh\u00e3 re\u00fane parceiros e autoridades<!--:-->"},"content":{"rendered":"<p><!--:pt--><\/p>\n<p style=\"text-align: justify\"><img decoding=\"async\" loading=\"lazy\" class=\"alignleft size-thumbnail wp-image-12964\" alt=\"HOMENAGEM FRANCILENE\" src=\"https:\/\/anprotec.org.br\/site\/wp-content\/uploads\/2015\/12\/HOMENAGEM-FRANCILENE-270x160.jpg\" width=\"270\" height=\"160\" \/>Na manh\u00e3 desta quinta-feira, 03 de dezembro, a Anprotec promoveu em Bras\u00edlia (DF) o tradicional caf\u00e9 da Manh\u00e3 Anprotec &amp; Parceiros, reunindo associados e institui\u00e7\u00f5es parceiras da Associa\u00e7\u00e3o, para apresentar as principais a\u00e7\u00f5es e programas desenvolvidos ao longo de 2015. Durante o evento, foram anunciados os <a href=\"https:\/\/anprotec.org.br\/site\/2015\/12\/anunciados-os-vencedores-do-premio-nacional\/\" target=\"_blank\">vencedores da 19\u00aa edi\u00e7\u00e3o do Pr\u00eamio Nacional de Empreendedorismo Inovador<\/a> e as <a href=\"https:\/\/anprotec.org.br\/site\/2015\/12\/samsung-e-anprotec-anunciam-startups\/\" target=\"_blank\">oito startups selecionadas para o Programa de Promo\u00e7\u00e3o da Economia Criativa<\/a>, em parceria com a Samsung e o centro de Economia Criativa e Inova\u00e7\u00e3o de Daegu (CCEI-Daegu), da Coreia do Sul.<\/p>\n<p style=\"text-align: justify\"><img decoding=\"async\" loading=\"lazy\" class=\"alignleft size-thumbnail wp-image-12965\" alt=\"MINISTRO\" src=\"https:\/\/anprotec.org.br\/site\/wp-content\/uploads\/2015\/12\/MINISTRO-270x160.jpg\" width=\"270\" height=\"160\" \/>Na abertura, o ministro de Ci\u00eancia, Tecnologia e Inova\u00e7\u00e3o, Celso Pansera (foto), destacou a aprova\u00e7\u00e3o do C\u00f3digo Nacional de CT&amp;I <a href=\"https:\/\/anprotec.org.br\/site\/2015\/11\/codigo-de-cti-e-aprovado-nas-comissoes\/\" target=\"_blank\">(PLC 77\/2015)<\/a> e de\u00a0\u00a0investimentos que podem ajudar ainda mais o desenvolvimento da CT&amp;I no pa\u00eds, mesmo em tempos de recess\u00e3o econ\u00f4mica. \u201cOntem, conversei com\u00a0 a presidente Dilma para que seja feita a san\u00e7\u00e3o do projeto ainda nesse ano e, hoje, temos uma importante reuni\u00e3o com o ministro Levy para avan\u00e7ar no empr\u00e9stimo com o BID. Nesta semana, tamb\u00e9m estivemos com o presidente do BNDES para conversar sobre o Fundo Amaz\u00f4nia\u201d, relatou. Para o ministro, isso mostra que \u201cmesmo diante da crise, existe disposi\u00e7\u00e3o da comunidade internacional de investir no Brasil porque acredita que o pa\u00eds \u00e9 um celeiro de bons quadros, bons pesquisadores, com capacidade e massa cr\u00edtica para produzir conhecimento\u201d.<\/p>\n<p style=\"text-align: justify\"><span style=\"line-height: 1.5em\">A presidente da Anprotec, Francilene Garcia, apresentou as principais a\u00e7\u00f5es desenvolvidas ao longo do ano pela Associa\u00e7\u00e3o, reiterando a import\u00e2ncia do o empreendedorismo inovador para o crescimento do pa\u00eds. \u201cTodos n\u00f3s que estamos aqui acreditamos no princ\u00edpio que a mudan\u00e7a e as transforma\u00e7\u00f5es que podemos fazer nesse pa\u00eds passam pela constru\u00e7\u00e3o de sonhos, que s\u00e3o iniciativas empreendedoras, de um povo brasileiro que sabe lidar com a adversidade, com a compreens\u00e3o de que devemos nos alimentar desses diferentes ciclos sazonais que vivemos , para crescer e construir novas alternativas de desenvolvimento\u201d, afirmou.<\/span><\/p>\n<p style=\"text-align: justify\"><img decoding=\"async\" loading=\"lazy\" class=\"alignleft size-thumbnail wp-image-12966\" alt=\"IMG_8288\" src=\"https:\/\/anprotec.org.br\/site\/wp-content\/uploads\/2015\/12\/IMG_8288-270x160.jpg\" width=\"270\" height=\"160\" \/>Como destaques do ano de 2015, a presidente da Anprotec (foto) citou as parcerias com grandes empresas e com o Instituto de Cidadania Empresairal (ICE) e a inser\u00e7\u00e3o internacional da Associa\u00e7\u00e3o e do movimento brasileiro de empreendedorismo inovador. Outro destaque foi a parceria de longa data com o Servi\u00e7o Brasileiro de Apoio \u00e0s Micro e Pequenas Empresas (Sebrae), nos \u00faltimos 15 anos, que tem contribu\u00eddo significativamente para a qualifica\u00e7\u00e3o dos ambientes de inova\u00e7\u00e3o brasileiros.<\/p>\n<p style=\"text-align: justify\">Francilene, que \u00a0a partir de 2016 deixar\u00e1 a presid\u00eancia,\u00a0aproveitou a ocasi\u00e3o para agradecer conselheiros, associados e a equipe da Associa\u00e7\u00e3o pelo trabalho nos \u00faltimos quatro anos, ressaltando a import\u00e2ncia dos diferentes atores na trajet\u00f3ria da Anprotec. \u201c\u00c9 fundamental a compreens\u00e3o dessa complementariedade que temos. Acho que esse \u00e9 o esp\u00edrito mais vivo no ambiente da Associa\u00e7\u00e3o, do movimento de parques e incubadoras. A compreens\u00e3o de que, ao sermos complementares, somamos energias e esfor\u00e7os e chegamos cada vez mais longe com nossos parceiros\u201d, afirmou.<\/p>\n<p style=\"text-align: justify\"><img decoding=\"async\" loading=\"lazy\" class=\"alignleft size-thumbnail wp-image-12967\" alt=\"HELOISA_SEBRAE\" src=\"https:\/\/anprotec.org.br\/site\/wp-content\/uploads\/2015\/12\/HELOISA_SEBRAE-270x160.jpg\" width=\"270\" height=\"160\" \/>A diretora t\u00e9cnica do Sebrae, Helo\u00edsa Menezes (foto), confirmou a continuidade da parceria com a Anprotec, reiterando a vis\u00e3o do Sebrae. \u201cAcreditamos que podemos vencer os momentos de escassez e transform\u00e1-los em oportunidades de agregar compet\u00eancias, capacidades e recursos. \u00c9 atrav\u00e9s do est\u00edmulo ao empreendedorismo e \u00e0 inova\u00e7\u00e3o que podemos superar qualquer momento de crise\u201d, afirmou. Helo\u00edsa destacou os principais projetos do Sebrae voltados para o est\u00edmulo a inova\u00e7\u00e3o e desenvolvimento tecnol\u00f3gico, como o Sebraetec, que deve fechar o ano com aportes de R$ 350 milh\u00f5es.<\/p>\n<p style=\"text-align: justify\"><b style=\"line-height: 1.5em\">Conv\u00eanio com ICE<br \/>\n<\/b><img decoding=\"async\" loading=\"lazy\" class=\"alignleft size-thumbnail wp-image-12968\" alt=\"RENATA_ICE\" src=\"https:\/\/anprotec.org.br\/site\/wp-content\/uploads\/2015\/12\/RENATA_ICE-270x160.jpg\" width=\"270\" height=\"160\" \/>Durante o Caf\u00e9 da Manh\u00e3, foi assinado o conv\u00eanio entre Anprotec, Sebrae e Instituto de Cidadania Empresarial (ICE) para a execu\u00e7\u00e3o do programa \u201cIncuba\u00e7\u00e3o e\u00a0<span style=\"line-height: 1.5em\">Acelera\u00e7\u00e3o de\u00a0 Impacto: disseminando o tema de neg\u00f3cios de impacto para aceleradoras e incubadoras\u201d. O Programa tem por objetivo \u00a0estimular os ambientes de inova\u00e7\u00e3o a tra\u00e7arem uma estrat\u00e9gia de inclus\u00e3o de neg\u00f3cios de impacto em seu portf\u00f3lio.<\/span><\/p>\n<p style=\"text-align: justify\"><span style=\"line-height: 1.5em\"><br \/>\n<\/span><span style=\"line-height: 1.5em\">Para a presidente do ICE, Renata de Camargo Nascimento (foto), a assinatura do conv\u00eanio ir\u00e1 estimular ainda mais os grandes empreendedores brasileiros, que j\u00e1 est\u00e3o sensibilizados com essa parceria e com o movimento que a Anprotec lidera. Em complemento, a diretora t\u00e9cnica do Sebrae, Helo\u00edsa Menezes, afirmou que a parceria permitir\u00e1 tratar o empreendedorismo inovador com um olhar diferenciado.<\/span><\/p>\n<p style=\"text-align: justify\"><b>Parceiros destacam atua\u00e7\u00e3o da Anprotec<br \/>\n<\/b>A presidente do F\u00f3rum Nacional de Gestores de Inova\u00e7\u00e3o e Transfer\u00eancia de Tecnologia (Fortec),\u00a0Cristina Quintella, falou da necessidade de incutir bases do empreendedorismo na sociedade brasileira, destacando o papel da Anprotec, e a atua\u00e7\u00e3o da presidente Francilene Garcia. \u201cSem a Anprotec, n\u00e3o vejo como poder\u00edamos impactar favoravelmente a balan\u00e7a comercial brasileira\u201d, disse. Durante a 25\u00aa Confer\u00eancia Anprotec de Empreendedorismo e Inova\u00e7\u00e3o, realizada em Cuiab\u00e1 (MT), as duas institui\u00e7\u00f5es <a href=\"https:\/\/anprotec.org.br\/site\/2015\/10\/entidades-anunciam-acordos-e-programas\/\" target=\"_blank\">assinaram um acordo de coopera\u00e7\u00e3o<\/a>.<\/p>\n<p style=\"text-align: justify\"><span style=\"line-height: 1.5em\"><img decoding=\"async\" loading=\"lazy\" class=\"alignleft size-thumbnail wp-image-12969\" alt=\"LAPLANE\" src=\"https:\/\/anprotec.org.br\/site\/wp-content\/uploads\/2015\/12\/LAPLANE-270x160.jpg\" width=\"270\" height=\"160\" \/>O presidente do Centro de Gest\u00e3o e Estudos Estrat\u00e9gicos <em>(<\/em><\/span><em style=\"line-height: 1.5em\">CGEE<\/em><span style=\"line-height: 1.5em\"><em>)<\/em>, Mariano Laplane (foto), comentou sobre a atua\u00e7\u00e3o do CGEE em projetos de inova\u00e7\u00e3o, diante de um ano de grandes transforma\u00e7\u00f5es no pa\u00eds. \u201cGra\u00e7as a projetos muito arrojados que come\u00e7amos h\u00e1 dois anos, conseguimos testar ao longo de 2015 v\u00e1rias ferramentas de planejamento, gest\u00e3o e avalia\u00e7\u00e3o de iniciativas inovadoras no \u00e2mbito das pol\u00edticas p\u00fablicas, que puderam difundir e disseminar a atua\u00e7\u00e3o inovadora\u201d, avaliou.<\/span><\/p>\n<p style=\"text-align: justify\"><span style=\"line-height: 1.5em\"><img decoding=\"async\" loading=\"lazy\" class=\"alignleft size-thumbnail wp-image-12970\" alt=\"CLOVIS\" src=\"https:\/\/anprotec.org.br\/site\/wp-content\/uploads\/2015\/12\/CLOVIS-270x160.jpg\" width=\"270\" height=\"160\" \/>O vice-presidente da Associa\u00e7\u00e3o Brasileira de Private Equity e Venture Capital (Abvcap), Cl\u00f3vis Meurer, enalteceu a longa parceria entre a Anprotec e a Abvcap. \u201cDesde os anos 90, com v\u00e1rios parceiros e companheiros presentes aqui hoje, estamos peregrinando por esse Brasil em incubadoras, em centros tecnol\u00f3gicos, buscando empresas, empreendedores e parceiros do mundo da Anprotec, que trabalham com empreendedorismo inovador. Por isso, continuem com essa coragem, trabalhando o empreendedorismo sob esse olhar, pois dessa forma teremos ainda boas vit\u00f3rias\u201d, ressaltou.<\/span><\/p>\n<p style=\"text-align: justify\"><img decoding=\"async\" loading=\"lazy\" class=\"alignleft size-thumbnail wp-image-12971\" alt=\"LUCCHESI\" src=\"https:\/\/anprotec.org.br\/site\/wp-content\/uploads\/2015\/12\/LUCCHESI-270x160.jpg\" width=\"270\" height=\"160\" \/><\/p>\n<p style=\"text-align: justify\"><span style=\"line-height: 1.5em\">O diretor-geral do Sistema Nacional de Aprendizagem (SENAI) e presidente do Conselho Consultivo da Anprotec, Rafael Lucchesi, falou da import\u00e2ncia da Anprotec no cen\u00e1rio \u00a0atual do pa\u00eds. \u201cInfelizmente, voltamos \u00e0 depend\u00eancia de empr\u00e9stimos internacionais de organismos multilaterais. Mas n\u00f3s vamos resistir e vamos fazer isso em torno de uma institucionalidade progressista na sociedade. A Anprotec representa exatamente esse valor. \u00c9 onde n\u00f3s nos unimos para lutar por um Brasil\u00a0maior, um pa\u00eds fundado na \u00e9tica, em uma agenda moderna de sociedade, em que o conhecimento gera riqueza\u201d, afirmou.\u00a0<\/span><\/p>\n<p style=\"text-align: justify\">No encerramento do Caf\u00e9 da Manh\u00e3, foram realizadas homenagens a dirigentes da Associa\u00e7\u00e3o que deixar\u00e3o o cargo em 2016. Do Conselho Consultivo, foram homenageados Mauricio Guedes, Luis Afonso Berm\u00fadez e Fernando Kreutz. J\u00e1 da Diretoria atual, receberam homenagens o diretor Ronaldo Tadeu Pena e a presidente Francilene Garcia.<\/p>\n<p><!--:--><\/p>\n","protected":false},"excerpt":{"rendered":"<p><!--:pt-->Durante o evento, a presidente da Anprotec, Francilene Garcia, apresentou as principais a\u00e7\u00f5es desenvolvidas ao longo de 2015. Ministro de CT&amp;I, Celso Pansera, tamb\u00e9m esteve presente. <!--:--><\/p>\n","protected":false},"author":8,"featured_media":12964,"comment_status":"open","ping_status":"open","sticky":false,"template":"","format":"standard","meta":{"footnotes":"","_links_to":"","_links_to_target":""},"categories":[3],"tags":[],"calendar":[],"_links":{"self":[{"href":"https:\/\/anprotec.org.br\/site\/wp-json\/wp\/v2\/posts\/12963"}],"collection":[{"href":"https:\/\/anprotec.org.br\/site\/wp-json\/wp\/v2\/posts"}],"about":[{"href":"https:\/\/anprotec.org.br\/site\/wp-json\/wp\/v2\/types\/post"}],"author":[{"embeddable":true,"href":"https:\/\/anprotec.org.br\/site\/wp-json\/wp\/v2\/users\/8"}],"replies":[{"embeddable":true,"href":"https:\/\/anprotec.org.br\/site\/wp-json\/wp\/v2\/comments?post=12963"}],"version-history":[{"count":6,"href":"https:\/\/anprotec.org.br\/site\/wp-json\/wp\/v2\/posts\/12963\/revisions"}],"predecessor-version":[{"id":12973,"href":"https:\/\/anprotec.org.br\/site\/wp-json\/wp\/v2\/posts\/12963\/revisions\/12973"}],"wp:featuredmedia":[{"embeddable":true,"href":"https:\/\/anprotec.org.br\/site\/wp-json\/wp\/v2\/media\/12964"}],"wp:attachment":[{"href":"https:\/\/anprotec.org.br\/site\/wp-json\/wp\/v2\/media?parent=12963"}],"wp:term":[{"taxonomy":"category","embeddable":true,"href":"https:\/\/anprotec.org.br\/site\/wp-json\/wp\/v2\/categories?post=12963"},{"taxonomy":"post_tag","embeddable":true,"href":"https:\/\/anprotec.org.br\/site\/wp-json\/wp\/v2\/tags?post=12963"},{"taxonomy":"calendar","embeddable":true,"href":"https:\/\/anprotec.org.br\/site\/wp-json\/wp\/v2\/calendar?post=12963"}],"curies":[{"name":"wp","href":"https:\/\/api.w.org\/{rel}","templated":true}]}}