{"id":12940,"date":"2015-12-02T18:29:52","date_gmt":"2015-12-02T21:29:52","guid":{"rendered":"http:\/\/anprotec.org.br\/site\/?p=12940"},"modified":"2015-12-03T14:23:00","modified_gmt":"2015-12-03T17:23:00","slug":"reuniao-de-avaliacao-e-10a-age-da-anprotec","status":"publish","type":"post","link":"https:\/\/anprotec.org.br\/site\/2015\/12\/reuniao-de-avaliacao-e-10a-age-da-anprotec\/","title":{"rendered":"<!--:pt--> Anprotec realiza Reuni\u00e3o de Avalia\u00e7\u00e3o e 10\u00aa AGE<!--:-->"},"content":{"rendered":"<p><!--:pt--><\/p>\n<p style=\"text-align: justify\"><img decoding=\"async\" loading=\"lazy\" class=\"alignleft size-thumbnail wp-image-12941\" alt=\"IMG_0513\" src=\"https:\/\/anprotec.org.br\/site\/wp-content\/uploads\/2015\/12\/IMG_0513-270x160.jpg\" width=\"270\" height=\"160\" \/>Come\u00e7aram nesta quarta-feira, as atividades da programa\u00e7\u00e3o de fim de ano da Anprotec, que ocorrem no Hotel Mercure, em Bras\u00edlia (DF). No in\u00edcio da tarde, foi realizada a Reuni\u00e3o de Avalia\u00e7\u00e3o, com a presen\u00e7a de associados e representantes do movimento. \u00a0A presidente da Anprotec, Francilene Garcia, apresentou um balan\u00e7o das atividades de 2015, destacando AS a\u00e7\u00f5es realizadas em quatro eixos: impulso aos empreendimentos inovadores, qualifica\u00e7\u00e3o dos ambientes de inova\u00e7\u00e3o, articula\u00e7\u00e3o institucional, inser\u00e7\u00e3o internacional. \u201cEsses eixos resumem, de forma geral, as diretrizes de atua\u00e7\u00e3o de nossa gest\u00e3o nos \u00faltimos quatro anos, indicando diversas conquistas em v\u00e1rias frentes de trabalho\u201d, afirmou Francilene (na foto).<\/p>\n<p style=\"text-align: justify\">O vice-presidente da Anprotec, Jorge Audy, falou sobre a perspectiva das a\u00e7\u00f5es e programas da Associa\u00e7\u00e3o, j\u00e1 que assumir\u00e1 a presid\u00eancia a partir de 2016. \u201cCome\u00e7aremos com um plano de a\u00e7\u00e3o a ser constru\u00eddo coletivamente, a partir da intera\u00e7\u00e3o com as redes e com todos os associados. \u00c9 importante reconhecermos, sempre, que o principal valor de uma associa\u00e7\u00e3o s\u00e3o os pr\u00f3prios associados e as rela\u00e7\u00f5es que estabelecem entre si\u201d, disse.<\/p>\n<p style=\"text-align: justify\">A programa\u00e7\u00e3o do dia encerrou com a realiza\u00e7\u00e3o da 10\u00aa Assembleia Geral Extraordin\u00e1ria (AGE), onde foram apresentadas as principais atividades realizadas em 2015, com a respectiva presta\u00e7\u00e3o de contas. Tamb\u00e9m foi apreciado o Plano de A\u00e7\u00e3o Anual e a Proposta Or\u00e7ament\u00e1ria para o exerc\u00edcio de 2016, incluindo a defini\u00e7\u00e3o da anuidade para o pr\u00f3ximo ano. Ao fim, foi realizada a elei\u00e7\u00e3o do Conselho Fiscal para a gest\u00e3o 2016-2017. Foram eleitos pela assembleia os seguintes conselheiros fiscais:<\/p>\n<p style=\"text-align: justify\">Gisa Bassalo (Efetivo)<br \/>\nT\u00e9cia Carvalho (Efetivo)<br \/>\nArtur Roberto de Oliveira Gibbon (Efetivo)<\/p>\n<p style=\"text-align: justify\">Elso Alberti Jr. (Suplente)<br \/>\nSilvia Uchoa (Suplente)<br \/>\nJardel Mattos (Suplente)<\/p>\n<p style=\"text-align: justify\">Enquanto as reuni\u00f5es eram realizadas, a comiss\u00e3o julgadora do Pr\u00eamio nacional de Empreendedorismo Inovador 2015 avaliou as apresenta\u00e7\u00f5es dos finalistas nas seis categorias. Os vencedores ser\u00e3o conhecidos, nesta quinta-feira (03), durante o Caf\u00e9 da Manh\u00e3 Anprotec &amp; Parceiros que ser\u00e1 realizado em Bras\u00edlia (DF), a partir das 8h.<\/p>\n<p><!--:--><\/p>\n","protected":false},"excerpt":{"rendered":"<p><!--:pt-->Como parte das atividades de fim de ano da Associa\u00e7\u00e3o, foram realizadas nesta quarta-feira a Reuni\u00e3o de Avalia\u00e7\u00e3o e 10\u00aa Assembleia Geral Extraordin\u00e1ria, reunindo associados em Bras\u00edlia (DF). <!--:--><\/p>\n","protected":false},"author":8,"featured_media":12941,"comment_status":"open","ping_status":"open","sticky":false,"template":"","format":"standard","meta":{"footnotes":"","_links_to":"","_links_to_target":""},"categories":[3],"tags":[],"calendar":[],"_links":{"self":[{"href":"https:\/\/anprotec.org.br\/site\/wp-json\/wp\/v2\/posts\/12940"}],"collection":[{"href":"https:\/\/anprotec.org.br\/site\/wp-json\/wp\/v2\/posts"}],"about":[{"href":"https:\/\/anprotec.org.br\/site\/wp-json\/wp\/v2\/types\/post"}],"author":[{"embeddable":true,"href":"https:\/\/anprotec.org.br\/site\/wp-json\/wp\/v2\/users\/8"}],"replies":[{"embeddable":true,"href":"https:\/\/anprotec.org.br\/site\/wp-json\/wp\/v2\/comments?post=12940"}],"version-history":[{"count":4,"href":"https:\/\/anprotec.org.br\/site\/wp-json\/wp\/v2\/posts\/12940\/revisions"}],"predecessor-version":[{"id":12943,"href":"https:\/\/anprotec.org.br\/site\/wp-json\/wp\/v2\/posts\/12940\/revisions\/12943"}],"wp:featuredmedia":[{"embeddable":true,"href":"https:\/\/anprotec.org.br\/site\/wp-json\/wp\/v2\/media\/12941"}],"wp:attachment":[{"href":"https:\/\/anprotec.org.br\/site\/wp-json\/wp\/v2\/media?parent=12940"}],"wp:term":[{"taxonomy":"category","embeddable":true,"href":"https:\/\/anprotec.org.br\/site\/wp-json\/wp\/v2\/categories?post=12940"},{"taxonomy":"post_tag","embeddable":true,"href":"https:\/\/anprotec.org.br\/site\/wp-json\/wp\/v2\/tags?post=12940"},{"taxonomy":"calendar","embeddable":true,"href":"https:\/\/anprotec.org.br\/site\/wp-json\/wp\/v2\/calendar?post=12940"}],"curies":[{"name":"wp","href":"https:\/\/api.w.org\/{rel}","templated":true}]}}