{"id":12926,"date":"2015-12-03T13:52:21","date_gmt":"2015-12-03T16:52:21","guid":{"rendered":"http:\/\/anprotec.org.br\/site\/?p=12926"},"modified":"2015-12-02T14:07:32","modified_gmt":"2015-12-02T17:07:32","slug":"polo-uaitec-vicosa-e-reinaugurado-no-centev","status":"publish","type":"post","link":"https:\/\/anprotec.org.br\/site\/2015\/12\/polo-uaitec-vicosa-e-reinaugurado-no-centev\/","title":{"rendered":"<!--:pt-->Polo UaiTec Vi\u00e7osa \u00e9 reinaugurado no CenTev<!--:-->"},"content":{"rendered":"<p><!--:pt--><\/p>\n<p style=\"text-align: justify\"><img decoding=\"async\" loading=\"lazy\" class=\"alignleft size-thumbnail wp-image-12927\" alt=\"UaiTec_CenTev\" src=\"https:\/\/anprotec.org.br\/site\/wp-content\/uploads\/2015\/12\/UaiTec_CenTev-270x160.jpg\" width=\"270\" height=\"160\" \/>Na tarde do dia 1\u00b0 de dezembro \u00faltimo, aconteceu a reinaugura\u00e7\u00e3o do Polo da Universidade Aberta de Minas Gerais (Rede UaiTec) Vi\u00e7osa que est\u00e1 alocado nas depend\u00eancias do N\u00facleo de Desenvolvimento Social e Educacional do CenTev (NUDESE).<\/p>\n<p style=\"text-align: justify\">A Rede UaiTec, \u00e9 um programa do Governo de Minas, coordenado pela Secretaria de Estado de Ci\u00eancia, Tecnologia e Ensino Superior (SECTES) e visa ampliar, democratizar e interiorizar o acesso a conte\u00fados pedag\u00f3gicos que sirvam para qualifica\u00e7\u00e3o e requalifica\u00e7\u00e3o da m\u00e3o de obra e para forma\u00e7\u00e3o profissional. Os polos s\u00e3o implantados em diferentes munic\u00edpios do Estado.<\/p>\n<p style=\"text-align: justify\">O Polo da rede em Vi\u00e7osa \u00e9 fruto da parceria entre a Universidade Federal de Vi\u00e7osa (UFV) representada pelo Centro Tecnol\u00f3gico de Desenvolvimento Regional de Vi\u00e7osa (CenTev), Prefeitura Municipal de Vi\u00e7osa (PMV) e Governo do Estado de Minas Gerais. A inciativa tamb\u00e9m conta com o apoio de v\u00e1rias outras entidades e pessoas do mun\u00edcipio.<\/p>\n<p style=\"text-align: justify\">S\u00e3o oferecidos cursos de gradua\u00e7\u00e3o, extens\u00e3o universit\u00e1ria e p\u00f3s-gradua\u00e7\u00e3o voltados \u00e0 tecnologia, al\u00e9m de cursos de idiomas e cursos livres, procurando atender a comunidade em geral que busca o acesso \u00e0s tecnologias da informa\u00e7\u00e3o e da comunica\u00e7\u00e3o, e aos que desejam a qualifica\u00e7\u00e3o profissional, em busca do primeiro emprego ou aperfei\u00e7oamento para retorno ao mercado de trabalho.<\/p>\n<p style=\"text-align: justify\"><span style=\"line-height: 1.5em\">Para o Prefeito de Vi\u00e7osa, \u00c2ngelo Chequer, e para a Secret\u00e1ria de Desenvolvimento, Ci\u00eancia e Tecnologia, Ivone Maria Pires Barros, a volta da rede para a cidade \u00e9 de extrema import\u00e2ncia, pois a capacita\u00e7\u00e3o \u00e9 a transforma\u00e7\u00e3o do indiv\u00edduo que s\u00f3 \u00e9 poss\u00edvel de forma a melhorar atrav\u00e9s da educa\u00e7\u00e3o. Al\u00e9m disso, Ivone destacou a import\u00e2ncia da capacita\u00e7\u00e3o porque gera emprego e renda para a cidade.<\/span><\/p>\n<p style=\"text-align: justify\">J\u00e1 para o Presidente da Adevi, Prof. Levy, a volta da rede e dos cursos \u00e9 importante principalmente porque \u00e9 uma alternativa para a forma\u00e7\u00e3o profissional de pessoas que n\u00e3o tem acesso a institui\u00e7\u00f5es de ensino privadas, atendendo n\u00e3o s\u00f3 comunidades de Vi\u00e7osa, mas tamb\u00e9m da regi\u00e3o.<\/p>\n<p style=\"text-align: justify\">Sobre as perspectivas para a volta do projeto, o Ex-Presidente da Adevi, Paulo M\u00e1rcio, e o Coordenador Geral da UaiTec, Breno Nolasco concordam que os pr\u00f3ximos passos ser\u00e3o dados em busca de mais acessibilidade \u00e0 comunidade, por meio de ve\u00edculos disponibilizados a fazer o transporte dos alunos para o local do curso, e assim capacita-los ao mercado de trabalho que exige forma\u00e7\u00e3o.<\/p>\n<p style=\"text-align: justify\">Os interessados em participar dos cursos do polo UaiTec Vi\u00e7osa, devem entrar no site <a href=\"http:\/\/www.uaitec.mg.gov.br\/\">http:\/\/www.uaitec.mg.gov.br\/<\/a>.<\/p>\n<p style=\"text-align: justify\">* Com informa\u00e7\u00f5es do CenTev<\/p>\n<p><!--:--><\/p>\n","protected":false},"excerpt":{"rendered":"<p><!--:pt-->Projeto integra a Rede UaiTec, programa que oferece gratuitamente qualifica\u00e7\u00e3o profissional por meio do ensino \u00e0 dist\u00e2ncia, com cursos de idiomas e voltados \u00e0 tecnologia. <!--:--><\/p>\n","protected":false},"author":8,"featured_media":12927,"comment_status":"open","ping_status":"open","sticky":false,"template":"","format":"standard","meta":{"footnotes":"","_links_to":"","_links_to_target":""},"categories":[3],"tags":[],"calendar":[],"_links":{"self":[{"href":"https:\/\/anprotec.org.br\/site\/wp-json\/wp\/v2\/posts\/12926"}],"collection":[{"href":"https:\/\/anprotec.org.br\/site\/wp-json\/wp\/v2\/posts"}],"about":[{"href":"https:\/\/anprotec.org.br\/site\/wp-json\/wp\/v2\/types\/post"}],"author":[{"embeddable":true,"href":"https:\/\/anprotec.org.br\/site\/wp-json\/wp\/v2\/users\/8"}],"replies":[{"embeddable":true,"href":"https:\/\/anprotec.org.br\/site\/wp-json\/wp\/v2\/comments?post=12926"}],"version-history":[{"count":2,"href":"https:\/\/anprotec.org.br\/site\/wp-json\/wp\/v2\/posts\/12926\/revisions"}],"predecessor-version":[{"id":12929,"href":"https:\/\/anprotec.org.br\/site\/wp-json\/wp\/v2\/posts\/12926\/revisions\/12929"}],"wp:featuredmedia":[{"embeddable":true,"href":"https:\/\/anprotec.org.br\/site\/wp-json\/wp\/v2\/media\/12927"}],"wp:attachment":[{"href":"https:\/\/anprotec.org.br\/site\/wp-json\/wp\/v2\/media?parent=12926"}],"wp:term":[{"taxonomy":"category","embeddable":true,"href":"https:\/\/anprotec.org.br\/site\/wp-json\/wp\/v2\/categories?post=12926"},{"taxonomy":"post_tag","embeddable":true,"href":"https:\/\/anprotec.org.br\/site\/wp-json\/wp\/v2\/tags?post=12926"},{"taxonomy":"calendar","embeddable":true,"href":"https:\/\/anprotec.org.br\/site\/wp-json\/wp\/v2\/calendar?post=12926"}],"curies":[{"name":"wp","href":"https:\/\/api.w.org\/{rel}","templated":true}]}}