{"id":12922,"date":"2015-12-02T12:54:52","date_gmt":"2015-12-02T15:54:52","guid":{"rendered":"http:\/\/anprotec.org.br\/site\/?p=12922"},"modified":"2015-12-02T12:54:52","modified_gmt":"2015-12-02T15:54:52","slug":"sebrae-mg-e-biominas-lancam-biostartup-lab","status":"publish","type":"post","link":"https:\/\/anprotec.org.br\/site\/2015\/12\/sebrae-mg-e-biominas-lancam-biostartup-lab\/","title":{"rendered":"<!--:pt-->Sebrae-MG e Biominas lan\u00e7am BioStartup Lab<!--:-->"},"content":{"rendered":"<p><!--:pt--><\/p>\n<p style=\"text-align: justify\"><img decoding=\"async\" loading=\"lazy\" class=\"alignleft size-thumbnail wp-image-12923\" alt=\"Banner1Azul\" src=\"https:\/\/anprotec.org.br\/site\/wp-content\/uploads\/2015\/12\/Banner1Azul-270x160.png\" width=\"270\" height=\"160\" \/>Com o objetivo de formar uma nova gera\u00e7\u00e3o de empreendedores no setor de ci\u00eancias da vida, o Sebrae Minas e o Biominas Brasil se uniram e formaram uma iniciativa in\u00e9dita no Brasil:\u00a0 o BioStartup Lab, programa curto de acelera\u00e7\u00e3o. As <a href=\"http:\/\/biostartuplab.org.br\/inscricoes\/\">inscri\u00e7\u00f5es<\/a> podem ser feitas no site do programa at\u00e9 o pr\u00f3ximo dia 13.<\/p>\n<p style=\"text-align: justify\">O BioStartup Lab utiliza metodologias espec\u00edficas para minimizar os desafios que se apresentam para empreendedores das ci\u00eancias da vida. O programa possui car\u00e1ter cont\u00ednuo em tr\u00eas etapas, que v\u00e3o desde a modelagem de neg\u00f3cio com o apoio de especialistas, passando pela valida\u00e7\u00e3o de solu\u00e7\u00f5es, at\u00e9 o networking com investidores, mentores e parceiros internacionais. Os diferenciais est\u00e3o no suporte especializado e na possibilidade de colocar o empreendedor em contato com o mercado desde as etapas iniciais do neg\u00f3cio.<\/p>\n<p style=\"text-align: justify\">As equipes selecionadas ser\u00e3o lideradas por mentores, poder\u00e3o interagir com empreendedores experientes e se apresentar em Demodays para investidores e potenciais parceiros. Al\u00e9m disso, em cada rodada, a equipe vencedora recebe R$ 200 milh\u00f5es em recursos e benef\u00edcios para o desenvolvimento de seu neg\u00f3cio.<\/p>\n<p style=\"text-align: justify\">Mais informa\u00e7\u00f5es no site do <a href=\"http:\/\/biostartuplab.org.br\/\">BioStartup Lab<\/a>.<\/p>\n<p style=\"text-align: justify\">*Com informa\u00e7\u00f5es do BioStartup Lab.<\/p>\n<p><!--:--><\/p>\n","protected":false},"excerpt":{"rendered":"<p><!--:pt-->As institui\u00e7\u00f5es buscam empreendedores e startups no setor de ci\u00eancias da vida para o programa de acelera\u00e7\u00e3o de curta dura\u00e7\u00e3o. Inscri\u00e7\u00f5es podem ser feitas at\u00e9 13 de dezembro.<!--:--><\/p>\n","protected":false},"author":8,"featured_media":12923,"comment_status":"open","ping_status":"open","sticky":false,"template":"","format":"standard","meta":{"footnotes":"","_links_to":"","_links_to_target":""},"categories":[3],"tags":[],"calendar":[],"_links":{"self":[{"href":"https:\/\/anprotec.org.br\/site\/wp-json\/wp\/v2\/posts\/12922"}],"collection":[{"href":"https:\/\/anprotec.org.br\/site\/wp-json\/wp\/v2\/posts"}],"about":[{"href":"https:\/\/anprotec.org.br\/site\/wp-json\/wp\/v2\/types\/post"}],"author":[{"embeddable":true,"href":"https:\/\/anprotec.org.br\/site\/wp-json\/wp\/v2\/users\/8"}],"replies":[{"embeddable":true,"href":"https:\/\/anprotec.org.br\/site\/wp-json\/wp\/v2\/comments?post=12922"}],"version-history":[{"count":2,"href":"https:\/\/anprotec.org.br\/site\/wp-json\/wp\/v2\/posts\/12922\/revisions"}],"predecessor-version":[{"id":12925,"href":"https:\/\/anprotec.org.br\/site\/wp-json\/wp\/v2\/posts\/12922\/revisions\/12925"}],"wp:featuredmedia":[{"embeddable":true,"href":"https:\/\/anprotec.org.br\/site\/wp-json\/wp\/v2\/media\/12923"}],"wp:attachment":[{"href":"https:\/\/anprotec.org.br\/site\/wp-json\/wp\/v2\/media?parent=12922"}],"wp:term":[{"taxonomy":"category","embeddable":true,"href":"https:\/\/anprotec.org.br\/site\/wp-json\/wp\/v2\/categories?post=12922"},{"taxonomy":"post_tag","embeddable":true,"href":"https:\/\/anprotec.org.br\/site\/wp-json\/wp\/v2\/tags?post=12922"},{"taxonomy":"calendar","embeddable":true,"href":"https:\/\/anprotec.org.br\/site\/wp-json\/wp\/v2\/calendar?post=12922"}],"curies":[{"name":"wp","href":"https:\/\/api.w.org\/{rel}","templated":true}]}}