{"id":1271,"date":"2013-01-14T14:30:18","date_gmt":"2013-01-14T17:30:18","guid":{"rendered":"http:\/\/anprotec.org.br\/site\/?p=1271"},"modified":"2013-01-14T14:39:28","modified_gmt":"2013-01-14T17:39:28","slug":"iasp-prorroga-chamada-de-trabalhos","status":"publish","type":"post","link":"https:\/\/anprotec.org.br\/site\/2013\/01\/iasp-prorroga-chamada-de-trabalhos\/","title":{"rendered":"IASP prorroga Chamada de Trabalhos para evento"},"content":{"rendered":"<p style=\"text-align: justify;\"><em>A IASP &#8211; International Association of Science Parks and Areas of Innovation\u00a0<\/em>prorrogou at\u00e9 o pr\u00f3ximo dia 21 de janeiro o prazo para submiss\u00e3o de resumos de trabalhos a serem apresentados em sua 30\u00aa\u00a0Confer\u00eancia Mundial. O evento ser\u00e1 realizado em conjunto com o XXIII Semin\u00e1rio Nacional de Parques Tecnol\u00f3gicos e Incubadoras de Empresas, no Porto Digital, em Recife (PE), entre os dias 14 e 17 de outubro deste ano. A prorroga\u00e7\u00e3o foi permitida exclusivamente para autores brasileiros.<\/p>\n<p style=\"text-align: justify;\">Conforme o <a href=\"http:\/\/iasp2013brazil.com\/files\/call_for_contributions_recife_2013.pdf\">Regulamento<\/a>, os trabalhos submetidos \u00e0 avalia\u00e7\u00e3o devem tratar de assuntos relacionados ao tema do evento: &#8220;Parques Tecnol\u00f3gicos Modelando Novas Cidades&#8221;. Nessa primeira etapa, os autores devem enviar um texto curto, de 800 a 1,2 mil palavras, resumindo o trabalho. A divulga\u00e7\u00e3o dos trabalhos selecionados est\u00e1 prevista para o m\u00eas de fevereiro.<\/p>\n<p style=\"text-align: justify;\">Al\u00e9m da Chamada da IASP, est\u00e1 com inscri\u00e7\u00f5es abertas, at\u00e9 o pr\u00f3ximo dia 25 de mar\u00e7o, a <a href=\"https:\/\/dl.dropbox.com\/u\/2240518\/IASP\/Chamada%20de%20Trabalhos%202013_Portugues_FINAL.pdf\">Chamada de Trabalhos para o XXIII Semin\u00e1rio Nacional<\/a>, promovido por Anprotec e Sebrae. Ser\u00e3o selecionados artigos completos, p\u00f4steres e relatos de boas pr\u00e1ticas de empresas.\u00a0O objetivo \u00e9 reunir trabalhos que revelem iniciativas de como parques tecnol\u00f3gicos, incubadoras de empresas e empreendimentos inovadores contribuem para promover transforma\u00e7\u00f5es nas cidades, tendo em vista os desafios e potencialidades para o desenvolvimento do planeta.<\/p>\n<p style=\"text-align: justify;\">Para mais informa\u00e7\u00f5es, acesse\u00a0<a href=\"http:\/\/www.iasp2013brazil.com\/\">www.iasp2013brazil.com<\/a><\/p>\n","protected":false},"excerpt":{"rendered":"<p>Trabalhos selecionados ser\u00e3o apresentados na 30\u00aa Confer\u00eancia Mundial da IASP, que ser\u00e1 realizada em conjunto com o XXIII Semin\u00e1rio Nacional de Parques Tecnol\u00f3gicos e Incubadoras de Empresas. <\/p>\n","protected":false},"author":8,"featured_media":1218,"comment_status":"open","ping_status":"open","sticky":false,"template":"","format":"standard","meta":{"footnotes":"","_links_to":"","_links_to_target":""},"categories":[3],"tags":[],"calendar":[],"_links":{"self":[{"href":"https:\/\/anprotec.org.br\/site\/wp-json\/wp\/v2\/posts\/1271"}],"collection":[{"href":"https:\/\/anprotec.org.br\/site\/wp-json\/wp\/v2\/posts"}],"about":[{"href":"https:\/\/anprotec.org.br\/site\/wp-json\/wp\/v2\/types\/post"}],"author":[{"embeddable":true,"href":"https:\/\/anprotec.org.br\/site\/wp-json\/wp\/v2\/users\/8"}],"replies":[{"embeddable":true,"href":"https:\/\/anprotec.org.br\/site\/wp-json\/wp\/v2\/comments?post=1271"}],"version-history":[{"count":4,"href":"https:\/\/anprotec.org.br\/site\/wp-json\/wp\/v2\/posts\/1271\/revisions"}],"predecessor-version":[{"id":1273,"href":"https:\/\/anprotec.org.br\/site\/wp-json\/wp\/v2\/posts\/1271\/revisions\/1273"}],"wp:featuredmedia":[{"embeddable":true,"href":"https:\/\/anprotec.org.br\/site\/wp-json\/wp\/v2\/media\/1218"}],"wp:attachment":[{"href":"https:\/\/anprotec.org.br\/site\/wp-json\/wp\/v2\/media?parent=1271"}],"wp:term":[{"taxonomy":"category","embeddable":true,"href":"https:\/\/anprotec.org.br\/site\/wp-json\/wp\/v2\/categories?post=1271"},{"taxonomy":"post_tag","embeddable":true,"href":"https:\/\/anprotec.org.br\/site\/wp-json\/wp\/v2\/tags?post=1271"},{"taxonomy":"calendar","embeddable":true,"href":"https:\/\/anprotec.org.br\/site\/wp-json\/wp\/v2\/calendar?post=1271"}],"curies":[{"name":"wp","href":"https:\/\/api.w.org\/{rel}","templated":true}]}}