{"id":1260,"date":"2013-01-10T17:38:02","date_gmt":"2013-01-10T20:38:02","guid":{"rendered":"http:\/\/anprotec.org.br\/site\/?p=1260"},"modified":"2013-01-14T16:42:14","modified_gmt":"2013-01-14T19:42:14","slug":"rio-grande-do-norte-sanciona-lei-de-inovacao","status":"publish","type":"post","link":"https:\/\/anprotec.org.br\/site\/2013\/01\/rio-grande-do-norte-sanciona-lei-de-inovacao\/","title":{"rendered":"Rio Grande do Norte sanciona Lei de Inova\u00e7\u00e3o"},"content":{"rendered":"<p style=\"text-align: justify;\">O Rio Grande do Norte se tornou a 18\u00aa unidade da Federa\u00e7\u00e3o e o sexto Estado do Nordeste a possuir Lei de Inova\u00e7\u00e3o. A governadora, Rosalba Ciarlini, sancionou, no fim do ano passado, a medida aprovada em 12 de dezembro pela Assembleia Legislativa potiguar.<\/p>\n<p style=\"text-align: justify;\">Para o secret\u00e1rio-executivo do MCTI, Luiz Antonio Elias, a ades\u00e3o dos Estados \u00e0s pol\u00edticas de est\u00edmulo \u00e0 inova\u00e7\u00e3o refor\u00e7a a retomada da competitividade nacional, corrigindo assimetrias e brechas tecnol\u00f3gicas. \u201cO governo brasileiro, nos \u00faltimos anos, fez um esfor\u00e7o para a consolida\u00e7\u00e3o do Sistema Nacional de Ci\u00eancia, Tecnologia e Inova\u00e7\u00e3o. A solidifica\u00e7\u00e3o passa necessariamente por uma articula\u00e7\u00e3o mais forte e uma coopera\u00e7\u00e3o mais estreita com os Estados, o que amplia a capacidade de captar recursos, que chegam hoje a quase R$ 2 bilh\u00f5es.\u201d<\/p>\n<p style=\"text-align: justify;\">A Lei de Inova\u00e7\u00e3o potiguar passou por tr\u00eas anos de aperfei\u00e7oamento, com mobiliza\u00e7\u00e3o das comunidades cient\u00edfica, governamental e empresarial. A norma \u00e9 um desdobramento da legisla\u00e7\u00e3o federal, que estabelece medidas de incentivo \u00e0 inova\u00e7\u00e3o e \u00e0 pesquisa cient\u00edfica e tecnol\u00f3gica no ambiente produtivo, com vistas \u00e0 capacita\u00e7\u00e3o e ao alcance da autonomia tecnol\u00f3gica e ao desenvolvimento industrial do pa\u00eds. De acordo com a presidente da Funda\u00e7\u00e3o de Apoio \u00e0 Pesquisa do Estado do Rio Grande do Norte (Fapern), Maria Bernardete de Sousa, a nova lei permitir\u00e1, entre outros avan\u00e7os, a aproxima\u00e7\u00e3o de empresas privadas e institui\u00e7\u00f5es de ensino. \u201cA Universidade do Estado do Rio Grande do Norte (UERN), por exemplo, abrir\u00e1 seus laborat\u00f3rios para receber trabalhos do setor empresarial, al\u00e9m de ter condi\u00e7\u00f5es de proteger sua propriedade intelectual\u201d.<\/p>\n<p style=\"text-align: justify;\"><em>* Com informa\u00e7\u00f5es da\u00a0Ag\u00eancia Gest\u00e3o CT&amp;I\u00a0<\/em><\/p>\n","protected":false},"excerpt":{"rendered":"<p>Legisla\u00e7\u00e3o potiguar passou por tr\u00eas anos de aperfei\u00e7oamento, mobilizando comunidade cient\u00edfica, empresas e governo. Expectativa \u00e9 de maior aproxima\u00e7\u00e3o entre mercado e academia. <\/p>\n","protected":false},"author":8,"featured_media":1261,"comment_status":"open","ping_status":"open","sticky":false,"template":"","format":"standard","meta":{"footnotes":"","_links_to":"","_links_to_target":""},"categories":[3],"tags":[],"calendar":[],"_links":{"self":[{"href":"https:\/\/anprotec.org.br\/site\/wp-json\/wp\/v2\/posts\/1260"}],"collection":[{"href":"https:\/\/anprotec.org.br\/site\/wp-json\/wp\/v2\/posts"}],"about":[{"href":"https:\/\/anprotec.org.br\/site\/wp-json\/wp\/v2\/types\/post"}],"author":[{"embeddable":true,"href":"https:\/\/anprotec.org.br\/site\/wp-json\/wp\/v2\/users\/8"}],"replies":[{"embeddable":true,"href":"https:\/\/anprotec.org.br\/site\/wp-json\/wp\/v2\/comments?post=1260"}],"version-history":[{"count":7,"href":"https:\/\/anprotec.org.br\/site\/wp-json\/wp\/v2\/posts\/1260\/revisions"}],"predecessor-version":[{"id":1266,"href":"https:\/\/anprotec.org.br\/site\/wp-json\/wp\/v2\/posts\/1260\/revisions\/1266"}],"wp:featuredmedia":[{"embeddable":true,"href":"https:\/\/anprotec.org.br\/site\/wp-json\/wp\/v2\/media\/1261"}],"wp:attachment":[{"href":"https:\/\/anprotec.org.br\/site\/wp-json\/wp\/v2\/media?parent=1260"}],"wp:term":[{"taxonomy":"category","embeddable":true,"href":"https:\/\/anprotec.org.br\/site\/wp-json\/wp\/v2\/categories?post=1260"},{"taxonomy":"post_tag","embeddable":true,"href":"https:\/\/anprotec.org.br\/site\/wp-json\/wp\/v2\/tags?post=1260"},{"taxonomy":"calendar","embeddable":true,"href":"https:\/\/anprotec.org.br\/site\/wp-json\/wp\/v2\/calendar?post=1260"}],"curies":[{"name":"wp","href":"https:\/\/api.w.org\/{rel}","templated":true}]}}