{"id":1250,"date":"2013-01-09T17:34:57","date_gmt":"2013-01-09T20:34:57","guid":{"rendered":"http:\/\/anprotec.org.br\/site\/?p=1250"},"modified":"2013-01-14T16:47:35","modified_gmt":"2013-01-14T19:47:35","slug":"estudo-fara-diagnostico-de-incubadoras-em-minas-gerais","status":"publish","type":"post","link":"https:\/\/anprotec.org.br\/site\/2013\/01\/estudo-fara-diagnostico-de-incubadoras-em-minas-gerais\/","title":{"rendered":"Estudo far\u00e1 diagn\u00f3stico de incubadoras em MG"},"content":{"rendered":"<div style=\"text-align: justify;\">\n<p>O Minist\u00e9rio de Ci\u00eancia, Tecnologia e Inova\u00e7\u00e3o (MCTI)\u00a0e a Universidade Federal de Vi\u00e7osa (UFV)\u00a0assinaram, no \u00faltimo m\u00eas de dezembro, um termo de coopera\u00e7\u00e3o t\u00e9cnica que prev\u00ea a elabora\u00e7\u00e3o de estudo para o mapeamento e diagn\u00f3stico de incubadoras de empresas de base tecnol\u00f3gica em Minas Gerais. O trabalho vai subsidiar a formula\u00e7\u00e3o de pol\u00edticas p\u00fablicas e a\u00e7\u00f5es de apoio ao segmento no estado.\u00a0\u00a0No total ser\u00e3o destinados R$ 70 mil para a realiza\u00e7\u00e3o do estudo.<\/p>\n<p>O termo de coopera\u00e7\u00e3o t\u00e9cnica foi viabilizado pela\u00a0Secretaria de Ci\u00eancia, Tecnologia e Ensino Superior de Minas Gerais (Sectes)\u00a0e ser\u00e1 implementado pela UFV, por meio do\u00a0Centro Tecnol\u00f3gico de Desenvolvimento Regional de Vi\u00e7osa (Centev\/UFV). Com o apoio do\u00a0Servi\u00e7o Brasileiro de Apoio \u00e0s Micro e Pequenas Empresas (SEBRAE)\u00a0e da\u00a0Rede Mineira de Inova\u00e7\u00e3o (RMI), o estudo ser\u00e1 iniciado em janeiro de 2013 e contemplar\u00e1 as seguintes etapas: mapeamento, diagn\u00f3stico, an\u00e1lise e proposi\u00e7\u00f5es referentes \u00e0s incubadoras. Por fim, ser\u00e1 tamb\u00e9m desenvolvido um conjunto de an\u00e1lises e proposi\u00e7\u00f5es sobre o atual ambiente de inova\u00e7\u00e3o no estado.<\/p>\n<p>As informa\u00e7\u00f5es geradas no estudo auxiliar\u00e3o no fortalecimento do movimento de incubadoras. Tamb\u00e9m ser\u00e3o importantes para \u00f3rg\u00e3os p\u00fablicos, entidades privadas ligadas ao setor e institui\u00e7\u00f5es parceiras na elabora\u00e7\u00e3o de pol\u00edticas p\u00fablicas e na execu\u00e7\u00e3o de a\u00e7\u00f5es de fomento e incentivo ao empreendedorismo de base tecnol\u00f3gica no estado. A expectativa \u00e9 de \u00a0que os resultados da pesquisa indiquem as dificuldades e os entraves enfrentados pelas incubadoras de empresas, de forma a contribuir para a proposi\u00e7\u00e3o de a\u00e7\u00f5es que promovam sustentabilidade, fortalecimento e integra\u00e7\u00e3o dos diversos atores envolvidos no movimento.<\/p>\n<p><em>* Com informa\u00e7\u00f5es do SIMI &#8211; Sistema Mineiro de Inova\u00e7\u00e3o<\/em><\/p>\n<p><em>Foto: Ign\u00e1cio Costa<\/em><\/p>\n<\/div>\n<div style=\"text-align: justify;\">\n<p>&nbsp;<\/p>\n<p><em><br \/>\n<\/em><\/p>\n<\/div>\n","protected":false},"excerpt":{"rendered":"<p>Objetivo \u00e9 gerar indicadores que contribuam para a elabora\u00e7\u00e3o de pol\u00edticas p\u00fablicas de fomento ao empreendedorismo inovador. Projeto ser\u00e1 desenvolvido pela Universidade Federal de Vi\u00e7osa.<\/p>\n","protected":false},"author":8,"featured_media":1253,"comment_status":"open","ping_status":"open","sticky":false,"template":"","format":"standard","meta":{"footnotes":"","_links_to":"","_links_to_target":""},"categories":[3],"tags":[],"calendar":[],"_links":{"self":[{"href":"https:\/\/anprotec.org.br\/site\/wp-json\/wp\/v2\/posts\/1250"}],"collection":[{"href":"https:\/\/anprotec.org.br\/site\/wp-json\/wp\/v2\/posts"}],"about":[{"href":"https:\/\/anprotec.org.br\/site\/wp-json\/wp\/v2\/types\/post"}],"author":[{"embeddable":true,"href":"https:\/\/anprotec.org.br\/site\/wp-json\/wp\/v2\/users\/8"}],"replies":[{"embeddable":true,"href":"https:\/\/anprotec.org.br\/site\/wp-json\/wp\/v2\/comments?post=1250"}],"version-history":[{"count":13,"href":"https:\/\/anprotec.org.br\/site\/wp-json\/wp\/v2\/posts\/1250\/revisions"}],"predecessor-version":[{"id":1257,"href":"https:\/\/anprotec.org.br\/site\/wp-json\/wp\/v2\/posts\/1250\/revisions\/1257"}],"wp:featuredmedia":[{"embeddable":true,"href":"https:\/\/anprotec.org.br\/site\/wp-json\/wp\/v2\/media\/1253"}],"wp:attachment":[{"href":"https:\/\/anprotec.org.br\/site\/wp-json\/wp\/v2\/media?parent=1250"}],"wp:term":[{"taxonomy":"category","embeddable":true,"href":"https:\/\/anprotec.org.br\/site\/wp-json\/wp\/v2\/categories?post=1250"},{"taxonomy":"post_tag","embeddable":true,"href":"https:\/\/anprotec.org.br\/site\/wp-json\/wp\/v2\/tags?post=1250"},{"taxonomy":"calendar","embeddable":true,"href":"https:\/\/anprotec.org.br\/site\/wp-json\/wp\/v2\/calendar?post=1250"}],"curies":[{"name":"wp","href":"https:\/\/api.w.org\/{rel}","templated":true}]}}