{"id":12365,"date":"2015-10-21T19:58:52","date_gmt":"2015-10-21T22:58:52","guid":{"rendered":"http:\/\/anprotec.org.br\/site\/?p=12365"},"modified":"2015-10-21T20:04:18","modified_gmt":"2015-10-21T23:04:18","slug":"trabalhos-sao-apresentados-nesta-tarde","status":"publish","type":"post","link":"https:\/\/anprotec.org.br\/site\/2015\/10\/trabalhos-sao-apresentados-nesta-tarde\/","title":{"rendered":"<!--:pt-->Trabalhos s\u00e3o apresentados nesta tarde<!--:-->"},"content":{"rendered":"<p><!--:pt--><\/p>\n<p style=\"text-align: justify\"><img decoding=\"async\" loading=\"lazy\" class=\"alignleft size-thumbnail wp-image-12366\" alt=\"stps\" src=\"https:\/\/anprotec.org.br\/site\/wp-content\/uploads\/2015\/10\/stps-270x160.jpg\" width=\"270\" height=\"160\" \/>No terceiro dia da 25\u00aa Confer\u00eancia Anprotec \u00a0foram apresentados os textos aprovados na Chamada de Trabalhos: 29 artigos curtos, 41 artigos completos e 08 boas pr\u00e1ticas. \u201cNeste ano, selecionamos um n\u00famero um pouco menor em rela\u00e7\u00e3o aos anos anteriores, mas a qualidade dos trabalhos estava muito superior\u201d, afirma o presidente do Comit\u00ea Cient\u00edfico, Paulo Tadeu Arantes.<\/p>\n<p style=\"text-align: justify\">Nas sess\u00f5es t\u00e9cnicas paralelas, os autores dos artigos completos trataram de quest\u00f5es como Instrumentos de modelagem, avalia\u00e7\u00e3o e planejamento para incubadoras, gest\u00e3o de propriedade intelectual, personalidade jur\u00eddica de parques tecnol\u00f3gicos e educa\u00e7\u00e3o empreendedora, dentre outros assuntos.<\/p>\n<p style=\"text-align: justify\">J\u00e1 na picth session foi a vez dos artigos curtos selecionados na Chamada de Trabalhos. Ao todo, 29 textos foram apresentados, abordando assuntos diversos, como instrumentos e modelos de planejamento e avalia\u00e7\u00e3o para parques tecnol\u00f3gicos e incubadoras de empresas, educa\u00e7\u00e3o empreendedora, e o papel dos habitats de inova\u00e7\u00e3o no processo de desenvolvimento local e regional. \u201cA melhoria da qualidade dos trabalhos tem sido cont\u00ednua. \u00c9 importante destacar tamb\u00e9m que os trabalhos apresentados aqui servem como base, como materiais de pesquisa para outros trabalhos acad\u00eamicos. Assim, a contribui\u00e7\u00e3o de nossos autores vai al\u00e9m da Confer\u00eancia\u201d, afirma a moderadora da sess\u00e3o, Jane Moura.<\/p>\n<p style=\"text-align: justify\">No F\u00f3rum Interativo houve a apresenta\u00e7\u00f5es de boas pr\u00e1ticas. Ao todo, oito trabalhos foram selecionados e abordaram quest\u00f5es como criatividade, sustentabilidade, prote\u00e7\u00e3o ambiental, gest\u00e3o e governan\u00e7a.<\/p>\n<p style=\"text-align: justify\">Amanh\u00e3, os melhores trabalhos apresentados na tarde de hoje ser\u00e3o tema da sess\u00e3o plen\u00e1ria 4, que ser\u00e1 realizada das 11h \u00e0s 12h30, no Audit\u00f3rio das Borboletas.<\/p>\n<p style=\"text-align: justify\"><em>*Foto: M\u00e1rcio Oliveira.\u00a0Confira a cobertura fotogr\u00e1fica completa\u00a0<a href=\"https:\/\/www.flickr.com\/photos\/133690600@N07\/albums\" target=\"_blank\">aqui.<\/a><\/em><\/p>\n<p><!--:--><\/p>\n","protected":false},"excerpt":{"rendered":"<p><!--:pt-->Apresenta\u00e7\u00e3o dos textos aprovados na Chamada de Trabalhos foi realizada nesta quarta-feira (21) em seis sess\u00f5es t\u00e9cnicas paralelas, no F\u00f3rum Interativo e na Picth Session. <!--:--><\/p>\n","protected":false},"author":8,"featured_media":12366,"comment_status":"open","ping_status":"open","sticky":false,"template":"","format":"standard","meta":{"footnotes":"","_links_to":"","_links_to_target":""},"categories":[3],"tags":[],"calendar":[],"_links":{"self":[{"href":"https:\/\/anprotec.org.br\/site\/wp-json\/wp\/v2\/posts\/12365"}],"collection":[{"href":"https:\/\/anprotec.org.br\/site\/wp-json\/wp\/v2\/posts"}],"about":[{"href":"https:\/\/anprotec.org.br\/site\/wp-json\/wp\/v2\/types\/post"}],"author":[{"embeddable":true,"href":"https:\/\/anprotec.org.br\/site\/wp-json\/wp\/v2\/users\/8"}],"replies":[{"embeddable":true,"href":"https:\/\/anprotec.org.br\/site\/wp-json\/wp\/v2\/comments?post=12365"}],"version-history":[{"count":3,"href":"https:\/\/anprotec.org.br\/site\/wp-json\/wp\/v2\/posts\/12365\/revisions"}],"predecessor-version":[{"id":12371,"href":"https:\/\/anprotec.org.br\/site\/wp-json\/wp\/v2\/posts\/12365\/revisions\/12371"}],"wp:featuredmedia":[{"embeddable":true,"href":"https:\/\/anprotec.org.br\/site\/wp-json\/wp\/v2\/media\/12366"}],"wp:attachment":[{"href":"https:\/\/anprotec.org.br\/site\/wp-json\/wp\/v2\/media?parent=12365"}],"wp:term":[{"taxonomy":"category","embeddable":true,"href":"https:\/\/anprotec.org.br\/site\/wp-json\/wp\/v2\/categories?post=12365"},{"taxonomy":"post_tag","embeddable":true,"href":"https:\/\/anprotec.org.br\/site\/wp-json\/wp\/v2\/tags?post=12365"},{"taxonomy":"calendar","embeddable":true,"href":"https:\/\/anprotec.org.br\/site\/wp-json\/wp\/v2\/calendar?post=12365"}],"curies":[{"name":"wp","href":"https:\/\/api.w.org\/{rel}","templated":true}]}}