{"id":12061,"date":"2015-10-01T16:15:58","date_gmt":"2015-10-01T19:15:58","guid":{"rendered":"http:\/\/anprotec.org.br\/site\/?p=12061"},"modified":"2015-10-01T16:15:58","modified_gmt":"2015-10-01T19:15:58","slug":"anprotec-participa-do-falling-walls-lab","status":"publish","type":"post","link":"https:\/\/anprotec.org.br\/site\/2015\/10\/anprotec-participa-do-falling-walls-lab\/","title":{"rendered":"<!--:pt-->Anprotec participa do Falling Walls Lab<!--:-->"},"content":{"rendered":"<p><!--:pt--><\/p>\n<p style=\"text-align: justify\"><img decoding=\"async\" loading=\"lazy\" class=\"alignleft size-thumbnail wp-image-12062\" alt=\"DAG_2456\" src=\"https:\/\/anprotec.org.br\/site\/wp-content\/uploads\/2015\/10\/DAG_2456-270x160.jpg\" width=\"270\" height=\"160\" \/>Entre 62 inscritos e 12 finalistas, o professor da Universidade Federal do ABC, Andr\u00e9 Brand\u00e3o, e o estudante de gradua\u00e7\u00e3o do Instituto Tecnol\u00f3gico de Aeron\u00e1utica (ITA), Francisco Lage, foram selecionados na final brasileira do Falling Walls Lab 2015. O diretor da Anprotec, S\u00e9rgio Risola, esteve presente no evento que foi realizado na Universidade Presbiteriana de Mackenzie (UPM), em S\u00e3o Paulo, no \u00faltimo m\u00eas de setembro.<\/p>\n<p style=\"text-align: justify\">Esta \u00e9 a segunda edi\u00e7\u00e3o do evento, realizado simultaneamente em outros 21 pa\u00edses, em que os participantes tiveram de apresentar seus projetos e convencer os jurados do impacto social e econ\u00f4mico de seu trabalho. Andr\u00e9 Brand\u00e3o apresentou um jogo eletr\u00f4nico de est\u00edmulo a crian\u00e7as com S\u00edndrome de Down em idade pr\u00e9-escolar. Francisco Lage prop\u00f4s a instala\u00e7\u00e3o de pain\u00e9is solares flutuantes sobre reservat\u00f3rios de hidrel\u00e9tricas como forma de dobrar a produ\u00e7\u00e3o de energia.<\/p>\n<p style=\"text-align: justify\"><img decoding=\"async\" loading=\"lazy\" class=\"alignleft size-thumbnail wp-image-12063\" alt=\"DAG_2628\" src=\"https:\/\/anprotec.org.br\/site\/wp-content\/uploads\/2015\/10\/DAG_2628-270x160.jpg\" width=\"270\" height=\"160\" \/>A Falling Walls \u00e9 uma funda\u00e7\u00e3o sem fins lucrativos criada em 2009, com apoio do Minist\u00e9rio da Educa\u00e7\u00e3o e da Ci\u00eancia alem\u00e3o, para identificar e valorizar ideias inovadoras de pesquisadores e estudantes de at\u00e9 35 anos.\u00a0 O concurso \u00e9 organizado em 38 pa\u00edses pela consultoria Funda\u00e7\u00e3o com a ajuda de parceiros locais. No Brasil, a etapa classificat\u00f3ria foi realizada com a colabora\u00e7\u00e3o do Centro Alem\u00e3o de Ci\u00eancia e Inova\u00e7\u00e3o de S\u00e3o Paulo e a Universidade Mackenzie.<\/p>\n<p><!--:--><\/p>\n","protected":false},"excerpt":{"rendered":"<p><!--:pt-->Evento internacional valoriza projetos que tenham alto impacto socioambiental. O diretor da Anprotec, S\u00e9rgio Risola, participou da banca avaliadora durante a etapa final brasileira em SP.<!--:--><\/p>\n","protected":false},"author":8,"featured_media":12062,"comment_status":"open","ping_status":"open","sticky":false,"template":"","format":"standard","meta":{"footnotes":"","_links_to":"","_links_to_target":""},"categories":[3],"tags":[],"calendar":[],"_links":{"self":[{"href":"https:\/\/anprotec.org.br\/site\/wp-json\/wp\/v2\/posts\/12061"}],"collection":[{"href":"https:\/\/anprotec.org.br\/site\/wp-json\/wp\/v2\/posts"}],"about":[{"href":"https:\/\/anprotec.org.br\/site\/wp-json\/wp\/v2\/types\/post"}],"author":[{"embeddable":true,"href":"https:\/\/anprotec.org.br\/site\/wp-json\/wp\/v2\/users\/8"}],"replies":[{"embeddable":true,"href":"https:\/\/anprotec.org.br\/site\/wp-json\/wp\/v2\/comments?post=12061"}],"version-history":[{"count":1,"href":"https:\/\/anprotec.org.br\/site\/wp-json\/wp\/v2\/posts\/12061\/revisions"}],"predecessor-version":[{"id":12064,"href":"https:\/\/anprotec.org.br\/site\/wp-json\/wp\/v2\/posts\/12061\/revisions\/12064"}],"wp:featuredmedia":[{"embeddable":true,"href":"https:\/\/anprotec.org.br\/site\/wp-json\/wp\/v2\/media\/12062"}],"wp:attachment":[{"href":"https:\/\/anprotec.org.br\/site\/wp-json\/wp\/v2\/media?parent=12061"}],"wp:term":[{"taxonomy":"category","embeddable":true,"href":"https:\/\/anprotec.org.br\/site\/wp-json\/wp\/v2\/categories?post=12061"},{"taxonomy":"post_tag","embeddable":true,"href":"https:\/\/anprotec.org.br\/site\/wp-json\/wp\/v2\/tags?post=12061"},{"taxonomy":"calendar","embeddable":true,"href":"https:\/\/anprotec.org.br\/site\/wp-json\/wp\/v2\/calendar?post=12061"}],"curies":[{"name":"wp","href":"https:\/\/api.w.org\/{rel}","templated":true}]}}