{"id":12037,"date":"2015-09-29T09:14:34","date_gmt":"2015-09-29T12:14:34","guid":{"rendered":"http:\/\/anprotec.org.br\/site\/?p=12037"},"modified":"2015-10-05T15:45:32","modified_gmt":"2015-10-05T18:45:32","slug":"samsung-anprotec-encerram-chamada-no-dia-2","status":"publish","type":"post","link":"https:\/\/anprotec.org.br\/site\/2015\/09\/samsung-anprotec-encerram-chamada-no-dia-2\/","title":{"rendered":"<!--:pt-->Samsung &amp; Anprotec encerram chamada no dia 2 <!--:-->"},"content":{"rendered":"<p><!--:pt--><\/p>\n<p style=\"text-align: justify\">Encerra nesta sexta-feira (2), o prazo para submiss\u00e3o de propostas relativas \u00e0\u00a0<a href=\"http:\/\/www.anprotec.org.br\/Relata\/Samsung%20Anprotec_Chamada%20de%20Incubadoras_2015.pdf\">chamada para sele\u00e7\u00e3o de incubadoras de empresas<\/a>\u00a0lan\u00e7ada por Anprotec &amp; Samsung no \u00faltimo dia 14.\u00a0\u00a0O objetivo \u00e9 selecionar as institui\u00e7\u00f5es que participar\u00e3o da fase piloto do Programa de Promo\u00e7\u00e3o da Economia Criativa, resultado da <a href=\"https:\/\/anprotec.org.br\/site\/2015\/04\/samsung-anprotec-e-ccei-formalizam-acordo-em-inovacao\/\">parceria firmada entre a Associa\u00e7\u00e3o, a empresa coreana e o CCEI Daegu<\/a> \u2013 Centro de Economia Criativa e Inova\u00e7\u00e3o.<\/p>\n<p style=\"text-align: justify\"><a href=\"https:\/\/anprotec.org.br\/site\/perguntas-frequentes-chamada-samsung-anprotec-2015\/\">Acesse o FAQ da Chamada, com respostas \u00e0s perguntas frequentes!<\/a><\/p>\n<p style=\"text-align: justify\">As propostas submetidas ser\u00e3o avaliadas por uma banca especializada, tomando como base crit\u00e9rios objetivos definidos em conjunto por Samsung e Anprotec. Na fase piloto do programa ser\u00e3o pr\u00e9-selecionadas at\u00e9 quatro (4) incubadoras de empresas, distribu\u00eddas entre as diferentes regi\u00f5es do pa\u00eds.<\/p>\n<p style=\"text-align: justify\">Os ambientes de inova\u00e7\u00e3o\u00a0selecionados receber\u00e3o treinamentos focados na cria\u00e7\u00e3o de empreendimentos de alto impacto econ\u00f4mico e social, a partir do Modelo Coreano de Cultura de Economia Criativa, implantado na Coreia do Sul pelo CCEI Daegu. Ao participarem do Programa, as incubadoras de empresas ter\u00e3o a oportunidade de implementar o modelo a partir do compartilhamento de documentos, tecnologias e pr\u00e1ticas desenvolvidos pelo CCEI.<\/p>\n<p style=\"text-align: justify\">Podem se candidatar incubadoras de empresas associadas \u00e0 Anprotec que estejam em opera\u00e7\u00e3o h\u00e1 no m\u00ednimo tr\u00eas anos e mantenham, pelo menos, cinco empresas incubadas. Tanto as incubadas quanto as graduadas pela institui\u00e7\u00e3o devem atuar em \u00e1reas priorit\u00e1rias do Programa: educa\u00e7\u00e3o, sa\u00fade, seguran\u00e7a da informa\u00e7\u00e3o e demandas empresariais m\u00f3veis (telefones, tablets e <i>wearable<\/i>).<\/p>\n<p style=\"text-align: justify\">Al\u00e9m disso, a incubadora precisa ser credenciada pelo Comit\u00ea da \u00c1rea de Tecnologia da Informa\u00e7\u00e3o (CATI), do Minist\u00e9rio da Ci\u00eancia, Tecnologia e Inova\u00e7\u00e3o (MCTI), ou do Comit\u00ea das atividades de Pesquisa e Desenvolvimento da Amaz\u00f4nia (Capda), e estar regularizada junto ao MCTI para exerc\u00edcio da aplica\u00e7\u00e3o de recursos provenientes de Lei de Inform\u00e1tica.<\/p>\n<p style=\"text-align: justify\">No envio das propostas, as incubadoras devem preencher o Formul\u00e1rio de Inscri\u00e7\u00e3o dispon\u00edvel <a href=\"https:\/\/goo.gl\/NZQbnn\">neste link<\/a>\u00a0e enviar a documenta\u00e7\u00e3o, por correio, para a Anprotec, at\u00e9 o dia 2 de outubro.<\/p>\n<p style=\"text-align: justify\"><b>Parceria <\/b><\/p>\n<p style=\"text-align: justify\">O Programa de Promo\u00e7\u00e3o da Economia Criativa \u00e9 resultado da parceria firmada em abril deste ano entre Samsung e Anprotec, voltada \u00e0 promo\u00e7\u00e3o do empreendedorismo e da inova\u00e7\u00e3o. Por meio da parceria, a Anprotec se comprometeu a realizar treinamentos, articular pol\u00edticas p\u00fablicas e propagar conhecimento sobre economia criativa junto a seus associados e empresas inovadoras. A Samsung, por sua vez, atua como facilitadora da rela\u00e7\u00e3o entre a Anprotec e o CCEI, identificando projetos aptos a participarem do Programa. Em cinco anos, a empresa investir\u00e1 US$ 5 milh\u00f5es no projeto. <a href=\"https:\/\/anprotec.org.br\/site\/2015\/04\/samsung-anprotec-e-ccei-formalizam-acordo-em-inovacao\/\">Saiba mais.<\/a><\/p>\n<div><\/div>\n<p><!--:--><\/p>\n","protected":false},"excerpt":{"rendered":"<p><!--:pt-->Ambientes de inova\u00e7\u00e3o selecionados receber\u00e3o treinamento e mentoria focados em economia criativa. Chamada \u00e9 resultado da parceria firmada pela Associa\u00e7\u00e3o com a Samsung e o CCEI-Daegu.<!--:--><\/p>\n","protected":false},"author":8,"featured_media":4009,"comment_status":"open","ping_status":"open","sticky":false,"template":"","format":"standard","meta":{"footnotes":"","_links_to":"","_links_to_target":""},"categories":[3],"tags":[],"calendar":[],"_links":{"self":[{"href":"https:\/\/anprotec.org.br\/site\/wp-json\/wp\/v2\/posts\/12037"}],"collection":[{"href":"https:\/\/anprotec.org.br\/site\/wp-json\/wp\/v2\/posts"}],"about":[{"href":"https:\/\/anprotec.org.br\/site\/wp-json\/wp\/v2\/types\/post"}],"author":[{"embeddable":true,"href":"https:\/\/anprotec.org.br\/site\/wp-json\/wp\/v2\/users\/8"}],"replies":[{"embeddable":true,"href":"https:\/\/anprotec.org.br\/site\/wp-json\/wp\/v2\/comments?post=12037"}],"version-history":[{"count":2,"href":"https:\/\/anprotec.org.br\/site\/wp-json\/wp\/v2\/posts\/12037\/revisions"}],"predecessor-version":[{"id":12039,"href":"https:\/\/anprotec.org.br\/site\/wp-json\/wp\/v2\/posts\/12037\/revisions\/12039"}],"wp:featuredmedia":[{"embeddable":true,"href":"https:\/\/anprotec.org.br\/site\/wp-json\/wp\/v2\/media\/4009"}],"wp:attachment":[{"href":"https:\/\/anprotec.org.br\/site\/wp-json\/wp\/v2\/media?parent=12037"}],"wp:term":[{"taxonomy":"category","embeddable":true,"href":"https:\/\/anprotec.org.br\/site\/wp-json\/wp\/v2\/categories?post=12037"},{"taxonomy":"post_tag","embeddable":true,"href":"https:\/\/anprotec.org.br\/site\/wp-json\/wp\/v2\/tags?post=12037"},{"taxonomy":"calendar","embeddable":true,"href":"https:\/\/anprotec.org.br\/site\/wp-json\/wp\/v2\/calendar?post=12037"}],"curies":[{"name":"wp","href":"https:\/\/api.w.org\/{rel}","templated":true}]}}