{"id":12027,"date":"2015-09-28T17:03:00","date_gmt":"2015-09-28T20:03:00","guid":{"rendered":"http:\/\/anprotec.org.br\/site\/?p=12027"},"modified":"2015-09-28T17:03:19","modified_gmt":"2015-09-28T20:03:19","slug":"elan-realizara-atividades-durante-a-conferencia-anprotec","status":"publish","type":"post","link":"https:\/\/anprotec.org.br\/site\/2015\/09\/elan-realizara-atividades-durante-a-conferencia-anprotec\/","title":{"rendered":"<!--:pt-->ELAN participar\u00e1 da Confer\u00eancia Anprotec<!--:-->"},"content":{"rendered":"<p><!--:pt--><img decoding=\"async\" loading=\"lazy\" class=\"alignleft size-thumbnail wp-image-11513\" alt=\"\" src=\"https:\/\/anprotec.org.br\/site\/wp-content\/uploads\/2015\/08\/ELAN-Network_Gu\u00eda-para-la-configuraci\u00f3n-una-Agenda_Eventos-LA-2015-270x160.jpg\" width=\"270\" height=\"160\" \/>De 19 a 21 de outubro, durante a programa\u00e7\u00e3o da 25\u00aa Confer\u00eancia Anprotec, em Cuiab\u00e1 (MT), ser\u00e3o realizadas diversas atividades do programa\u00a0<em>European and Latin American Business Services and Innovation Network\u00a0<\/em>(ELAN) no Brasil. Financiado pela Uni\u00e3o Europeia (UE), o programa busca ampliar a presen\u00e7a econ\u00f4mica de empresas europeias na Am\u00e9rica Latina, gerando diversos benef\u00edcios para micro e pequenas empresas inovadoras da regi\u00e3o. Al\u00e9m do Brasil, Argentina, M\u00e9xico, Col\u00f4mbia, Chile, Peru e Costa Rica receber\u00e3o eventos do projeto em outubro e novembro.<\/p>\n<p>Nos tr\u00eas dias de programa\u00e7\u00e3o em Cuiab\u00e1, temas relacionados a\u00a0energias renov\u00e1veis, tecnologias ambientais e tecnologias da informa\u00e7\u00e3o e comunica\u00e7\u00e3o (TIC) ser\u00e3o abordados em uma s\u00e9rie de atividades. A agenda inicia dia 19, \u00e0s 9h30, com a apresenta\u00e7\u00e3o da Rede ELAN, seus objetivos e oportunidades. Na sequ\u00eancia, ser\u00e3o realizados o\u00a0workshop\u00a0\u00a0\u201cCen\u00e1rio atual em energias renov\u00e1veis, TIC e tecnologias ambientais na Am\u00e9rica Latina e na Europa \u2013 como gerar oportunidades de neg\u00f3cios\u201d e a sess\u00e3o \u201cMecanismos de coopera\u00e7\u00e3o na Am\u00e9rica Latina e na Europa: chamadas p\u00fablicas e programas de incentivo para P&amp;D em energias renov\u00e1veis, TIC e tecnologias ambientais\u201d.<\/p>\n<p>Na tarde da segunda-feira, os participantes poder\u00e3o optar entre o workshop \u201cCrowdfunding \u2013\u00a0uma alternativa para financiar projetos e empresas inovadoras\u201d, que integra a programa\u00e7\u00e3o da Confer\u00eancia Anprotec, e a sess\u00e3o de cocria\u00e7\u00e3o \u201cGera\u00e7\u00e3o de oportunidades de neg\u00f3cios\u201d, que tem como objetivo identificar novas oportunidades de neg\u00f3cios de maneira colaborativa, por meio da combina\u00e7\u00e3o de tecnologias e habilidades de companhias de diferentes setores.<\/p>\n<p>O segundo dia de programa\u00e7\u00e3o do ELAN,\u00a020 de outubro, iniciar\u00e1 com um workshop sobre as demandas e mecanismos de\u00a0transfer\u00eancia de tecnologias existentes no Brasil e na Europa. Na segunda parte da manh\u00e3, institui\u00e7\u00f5es e companhias indicar\u00e3o\u00a0suas oportunidades e\u00a0ofertas para a rodada de neg\u00f3cios, que ser\u00e1 realizada na tarde do mesmo dia.<\/p>\n<p>J\u00e1 na quarta-feira, dia 21 de outubro, a manh\u00e3 ser\u00e1 dedicada \u00e0s sess\u00f5es plen\u00e1rias da\u00a025\u00aa Confer\u00eancia Anprotec.\u00a0O tema central da Confer\u00eancia \u00e9 o foco da primeira plen\u00e1ria, que \u00a0prop\u00f5e discutir inova\u00e7\u00f5es que ofere\u00e7am \u00e0 sociedade\u00a0n\u00e3o apenas benef\u00edcios\u00a0econ\u00f4micos e produtivos, mas tamb\u00e9m ambientais e sociais. Na segunda plen\u00e1ria ser\u00e3o abordadas\u00a0formas de contribui\u00e7\u00e3o de empresas de grande porte\u00a0ao fortalecimento do empreendedorismo inovador, a partir da rela\u00e7\u00e3o com parques tecnol\u00f3gicos e incubadoras de empresas.\u00a0Na tarde de quarta-feira a programa\u00e7\u00e3o do ELAN no Brasil encerra com a\u00a0reuni\u00e3o da rede.<\/p>\n<p>As inscri\u00e7\u00f5es para as atividades do ELAN s\u00e3o gratuitas. Confira a\u00a0<strong><a href=\"https:\/\/anprotec.org.br\/Relata\/Programacao_ELAN_ConferenciaAnprotec.pdf\" target=\"_blank\">programa\u00e7\u00e3o<\/a>\u00a0<\/strong>e<strong>\u00a0<\/strong><strong><a href=\"https:\/\/docs.google.com\/forms\/d\/1TKUPC0iS-p2wlaB_npNyXOTllHDCznGYj8t6F8IZTNQ\/viewform\" target=\"_blank\">inscreva-se<\/a><\/strong>.<\/p>\n<p><b>Sobre o ELAN<\/b><\/p>\n<p>O programa financiado pela UE \u00e9 implementado por duas estrat\u00e9gias independentes: ELAN Network e ELAN Biz.<\/p>\n<p>European and Latin American Business Services (ELAN Biz):\u00a0o principal objetivo \u00e9 apoiar as PMEs europeias interessadas em entrar em mercados latino-americanos, oferecendo servi\u00e7os de informa\u00e7\u00e3o integral e atualizada sobre como fazer neg\u00f3cios em pa\u00edses estrat\u00e9gicos da Am\u00e9rica Latina. Para mais informa\u00e7\u00f5es, acesse:\u00a0<a href=\"http:\/\/www.elanbiz.org\/\">www.elanbiz.org<\/a><\/p>\n<p>European and Latin American Technology Based Business Network (ELAN Network):\u00a0o principal objetivo \u00e9 a gera\u00e7\u00e3o de oportunidades de neg\u00f3cio baseadas em tecnologia entre PMEs europeias e latino-americanas. Para mais informa\u00e7\u00f5es, acesse:\u00a0<a href=\"http:\/\/www.elannetwork.org\/\">www.elannetwork.org<\/a><\/p>\n<p>O ELAN Network \u00e9 gerenciado pela Tecnalia, entidade com base na Espanha, e conduzido por um grupo seleto de entidades e organiza\u00e7\u00f5es que constituem o cons\u00f3rcio e s\u00e3o os membros iniciais da rede. A Anprotec \u00e9 coordenadora das a\u00e7\u00f5es desenvolvidas no Brasil, ao lado de parceiros como a Embrapa, a Ag\u00eancia USP de Inova\u00e7\u00e3o, a Faculdade de Ci\u00eancias Farmac\u00eauticas Universidade de S\u00e3o Paulo (USP) e o VTT Brasil.<\/p>\n<p>Essas organiza\u00e7\u00f5es e entidades s\u00e3o l\u00edderes em diversos pa\u00edses e prestam suporte, apoio e mobiliza\u00e7\u00e3o nos processos de inova\u00e7\u00e3o e de transfer\u00eancia tecnol\u00f3gica. O objetivo de sua atua\u00e7\u00e3o no \u00e2mbito do projeto \u00e9 estender a colabora\u00e7\u00e3o com outros atores e empresas l\u00edderes nos seus setores de atua\u00e7\u00e3o, formando uma larga rede de parcerias e gera\u00e7\u00e3o conjunta de oportunidades de neg\u00f3cios com base tecnol\u00f3gica.<!--:--><\/p>\n","protected":false},"excerpt":{"rendered":"<p><!--:pt-->O programa busca ampliar a presen\u00e7a de empresas europeias na Am\u00e9rica Latina. As atividades do ELAN ser\u00e3o realizadas de 19 a 21 de outubro na 25\u00aa Confer\u00eancia Anprotec em Cuiab\u00e1 (MT).<!--:--><\/p>\n","protected":false},"author":8,"featured_media":11514,"comment_status":"open","ping_status":"open","sticky":false,"template":"","format":"standard","meta":{"footnotes":"","_links_to":"","_links_to_target":""},"categories":[3],"tags":[],"calendar":[],"_links":{"self":[{"href":"https:\/\/anprotec.org.br\/site\/wp-json\/wp\/v2\/posts\/12027"}],"collection":[{"href":"https:\/\/anprotec.org.br\/site\/wp-json\/wp\/v2\/posts"}],"about":[{"href":"https:\/\/anprotec.org.br\/site\/wp-json\/wp\/v2\/types\/post"}],"author":[{"embeddable":true,"href":"https:\/\/anprotec.org.br\/site\/wp-json\/wp\/v2\/users\/8"}],"replies":[{"embeddable":true,"href":"https:\/\/anprotec.org.br\/site\/wp-json\/wp\/v2\/comments?post=12027"}],"version-history":[{"count":2,"href":"https:\/\/anprotec.org.br\/site\/wp-json\/wp\/v2\/posts\/12027\/revisions"}],"predecessor-version":[{"id":12029,"href":"https:\/\/anprotec.org.br\/site\/wp-json\/wp\/v2\/posts\/12027\/revisions\/12029"}],"wp:featuredmedia":[{"embeddable":true,"href":"https:\/\/anprotec.org.br\/site\/wp-json\/wp\/v2\/media\/11514"}],"wp:attachment":[{"href":"https:\/\/anprotec.org.br\/site\/wp-json\/wp\/v2\/media?parent=12027"}],"wp:term":[{"taxonomy":"category","embeddable":true,"href":"https:\/\/anprotec.org.br\/site\/wp-json\/wp\/v2\/categories?post=12027"},{"taxonomy":"post_tag","embeddable":true,"href":"https:\/\/anprotec.org.br\/site\/wp-json\/wp\/v2\/tags?post=12027"},{"taxonomy":"calendar","embeddable":true,"href":"https:\/\/anprotec.org.br\/site\/wp-json\/wp\/v2\/calendar?post=12027"}],"curies":[{"name":"wp","href":"https:\/\/api.w.org\/{rel}","templated":true}]}}