{"id":12021,"date":"2015-09-28T16:47:12","date_gmt":"2015-09-28T19:47:12","guid":{"rendered":"http:\/\/anprotec.org.br\/site\/?p=12021"},"modified":"2015-09-28T16:48:42","modified_gmt":"2015-09-28T19:48:42","slug":"cecompi-inaugura-laboratorio-em-sao-jose-dos-campos","status":"publish","type":"post","link":"https:\/\/anprotec.org.br\/site\/2015\/09\/cecompi-inaugura-laboratorio-em-sao-jose-dos-campos\/","title":{"rendered":"<!--:pt-->Cecompi abre laborat\u00f3rio em S\u00e3o Jos\u00e9 dos Campos<!--:-->"},"content":{"rendered":"<p><!--:pt--><img decoding=\"async\" loading=\"lazy\" class=\"alignleft size-thumbnail wp-image-12022\" alt=\"\" src=\"https:\/\/anprotec.org.br\/site\/wp-content\/uploads\/2015\/09\/parque-s\u00e3o-jos\u00e9-dos-campos-270x160.jpg\" width=\"270\" height=\"160\" \/>O Centro para a Competitividade e Inova\u00e7\u00e3o (Cecompi) inaugura na pr\u00f3xima quarta-feira (30) o Laborat\u00f3rio de Simula\u00e7\u00e3o e Sistemas Cr\u00edticos \u2013 APL TIC Vale, no Parque Tecnol\u00f3gico de S\u00e3o Jos\u00e9 dos Campos (SP). O empreendimento faz parte do Centro de Dissemina\u00e7\u00e3o do Conhecimento, que ir\u00e1 beneficiar empresas e universidades locais. O evento ser\u00e1 realizado no audit\u00f3rio do Cecompi, \u00e0s 10h.<\/p>\n<p>Com equipamentos e softwares de ponta, o novo laborat\u00f3rio ir\u00e1 atender \u00e0s necessidades de pesquisa e desenvolvimento das empresas incubadas, associadas ao Cecompi ou instaladas nos centros empresariais do Parque Tecnol\u00f3gico \u2013 S\u00e3o Jos\u00e9 dos Campos e de universidades e empresas fora do complexo.<\/p>\n<p>Participam da cerim\u00f4nia de inaugura\u00e7\u00e3o o vice-governador de S\u00e3o Paulo e secret\u00e1rio estadual de desenvolvimento econ\u00f4mico, ci\u00eancia, tecnologia e inova\u00e7\u00e3o, M\u00e1rcio Fran\u00e7a, al\u00e9m do prefeito de S\u00e3o Jos\u00e9 dos Campos, Carlinhos Almeida, entre outras autoridades.<\/p>\n<p><b>Pesquisa e Desenvolvimento\u00a0\u00a0\u00a0 <\/b><\/p>\n<p>O Laborat\u00f3rio de Simula\u00e7\u00e3o e Sistemas Cr\u00edticos ser\u00e1 coordenado pelo TIC Vale, um APL (Arranjo Produtivo Local) do Cecompi, instalado no Parque Tecnol\u00f3gico S\u00e3o Jos\u00e9 dos Campos. A estrutura poder\u00e1 ser utilizada por empresas e institui\u00e7\u00f5es que necessitam realizar atividades de P&amp;D para melhorar seus processos e produtos, mas n\u00e3o possuem a infraestrutura e demais recursos necess\u00e1rios.<\/p>\n<p>\u201cNesse caso, o empres\u00e1rio pode utilizar as m\u00e1quinas que est\u00e3o no nosso laborat\u00f3rio e contar com o apoio de professores capacitados da Fatec, da Unifesp e os t\u00e9cnicos do pr\u00f3prio Parque Tecnol\u00f3gico para realizar a pesquisa com custo acess\u00edvel\u201d, informa o diretor executivo do Cecompi, Marcelo Safadi.<\/p>\n<p>Segundo o diretor geral do Parque Tecnol\u00f3gico, Marco Antonio Raupp, o novo espa\u00e7o integra um sistema de laborat\u00f3rios abertos que est\u00e1 em fase de constru\u00e7\u00e3o. \u201cO primeiro grande laborat\u00f3rio que temos com essas caracter\u00edsticas \u00e9 o LEL &#8211; Laborat\u00f3rio de Estruturas Leves- , o segundo ser\u00e1 esse de simula\u00e7\u00e3o e logo teremos outro de manufatura inteligente, j\u00e1 em constru\u00e7\u00e3o. Por fim, ser\u00e1 concretizado em 2016, no Centro Empresarial 2, um laborat\u00f3rio de interfer\u00eancia e compatibilidade eletromagn\u00e9tica. Essa estrutura \u00e9 um atrativo para as empresas operarem aqui no Parque, e ainda investirem cada vez mais em P&amp;D\u201d, destaca.<\/p>\n<p><b>Centro de Dissemina\u00e7\u00e3o do Conhecimento <\/b><\/p>\n<p>O Centro de Dissemina\u00e7\u00e3o do Conhecimento \u00e9 uma iniciativa do Cecompi, em parceria com o Parque Tecnol\u00f3gico, com apoio da Prefeitura de S\u00e3o Jos\u00e9 dos Campos e do Governo do Estado de S\u00e3o Paulo. Outro parceiro importante foi o BID (Banco Interamericano do Desenvolvimento), que tamb\u00e9m aportou recursos no projeto.<\/p>\n<p>*Com informa\u00e7\u00f5es do Cecompi.<!--:--><\/p>\n","protected":false},"excerpt":{"rendered":"<p><!--:pt-->A nova estrutura servir\u00e1 para alavancar pesquisas entre pequenas e m\u00e9dias empresas. A inaugura\u00e7\u00e3o ser\u00e1 realizada no dia 30 de setembro, \u00e0s 10h, no audit\u00f3rio do Cecompi.<!--:--><\/p>\n","protected":false},"author":8,"featured_media":12022,"comment_status":"open","ping_status":"open","sticky":false,"template":"","format":"standard","meta":{"footnotes":"","_links_to":"","_links_to_target":""},"categories":[3],"tags":[],"calendar":[],"_links":{"self":[{"href":"https:\/\/anprotec.org.br\/site\/wp-json\/wp\/v2\/posts\/12021"}],"collection":[{"href":"https:\/\/anprotec.org.br\/site\/wp-json\/wp\/v2\/posts"}],"about":[{"href":"https:\/\/anprotec.org.br\/site\/wp-json\/wp\/v2\/types\/post"}],"author":[{"embeddable":true,"href":"https:\/\/anprotec.org.br\/site\/wp-json\/wp\/v2\/users\/8"}],"replies":[{"embeddable":true,"href":"https:\/\/anprotec.org.br\/site\/wp-json\/wp\/v2\/comments?post=12021"}],"version-history":[{"count":4,"href":"https:\/\/anprotec.org.br\/site\/wp-json\/wp\/v2\/posts\/12021\/revisions"}],"predecessor-version":[{"id":12026,"href":"https:\/\/anprotec.org.br\/site\/wp-json\/wp\/v2\/posts\/12021\/revisions\/12026"}],"wp:featuredmedia":[{"embeddable":true,"href":"https:\/\/anprotec.org.br\/site\/wp-json\/wp\/v2\/media\/12022"}],"wp:attachment":[{"href":"https:\/\/anprotec.org.br\/site\/wp-json\/wp\/v2\/media?parent=12021"}],"wp:term":[{"taxonomy":"category","embeddable":true,"href":"https:\/\/anprotec.org.br\/site\/wp-json\/wp\/v2\/categories?post=12021"},{"taxonomy":"post_tag","embeddable":true,"href":"https:\/\/anprotec.org.br\/site\/wp-json\/wp\/v2\/tags?post=12021"},{"taxonomy":"calendar","embeddable":true,"href":"https:\/\/anprotec.org.br\/site\/wp-json\/wp\/v2\/calendar?post=12021"}],"curies":[{"name":"wp","href":"https:\/\/api.w.org\/{rel}","templated":true}]}}