{"id":11812,"date":"2015-09-14T09:47:34","date_gmt":"2015-09-14T12:47:34","guid":{"rendered":"http:\/\/anprotec.org.br\/site\/?p=11812"},"modified":"2015-09-14T10:38:15","modified_gmt":"2015-09-14T13:38:15","slug":"diretor-presidente-do-sebrae-fala-sobre-conferencia","status":"publish","type":"post","link":"https:\/\/anprotec.org.br\/site\/2015\/09\/diretor-presidente-do-sebrae-fala-sobre-conferencia\/","title":{"rendered":"<!--:pt-->Diretor-presidente do Sebrae fala sobre evento<!--:-->"},"content":{"rendered":"<p><!--:pt--><em><img decoding=\"async\" loading=\"lazy\" class=\"alignleft size-thumbnail wp-image-11813\" alt=\"luiz barretto08mai14rodrigo de oliveira_13\" src=\"https:\/\/anprotec.org.br\/site\/wp-content\/uploads\/2015\/09\/luiz-barretto08mai14rodrigo-de-oliveira_13-270x160.jpg\" width=\"270\" height=\"160\" \/>Formado em Sociologia pela Pontif\u00edcia Universidade Cat\u00f3lica de S\u00e3o Paulo (PUC-SP), Luiz Barretto \u00e9\u00a0diretor-presidente do Sebrae\u00a0Nacional desde 2011. Antes disso, atuou na institui\u00e7\u00e3o\u00a0como gerente nacional de Marketing e Comunica\u00e7\u00e3o, foi\u00a0secret\u00e1rio executivo do Minist\u00e9rio do Turismo e tamb\u00e9m Ministro do Turismo.\u00a0Sua vida p\u00fablica teve in\u00edcio na d\u00e9cada de 1980, no Sistema\u00a0Estadual de An\u00e1lise de Dados (Funda\u00e7\u00e3o Seade) e no Centro de Estudos de Cultura\u00a0Contempor\u00e2nea (Cedec), ambos de S\u00e3o Paulo. Exerceu fun\u00e7\u00f5es de dire\u00e7\u00e3o nas\u00a0prefeituras de S\u00e3o Paulo, S\u00e3o Vicente e Osasco, onde foi secret\u00e1rio de Ind\u00fastria,\u00a0Com\u00e9rcio e Abastecimento.\u00a0Nesta entrevista, Barretto fala sobre a parceria com a Anprotec, o cen\u00e1rio do empreendedorismo inovador na regi\u00e3o Centro Oeste e a import\u00e2ncia do tema da 25\u00aa Confer\u00eancia Anprotec.<\/em><\/p>\n<p><strong>O que motiva o Sebrae a, anualmente, realizar o evento com a Anprotec?<\/strong><\/p>\n<p>Fomentar e fortalecer ecossistemas de inova\u00e7\u00e3o \u00e9 um dos principais compromissos do Sebrae. Para isso, \u00e9 fundamental estabelecer parcerias com entidades que contribuam na promo\u00e7\u00e3o desses ambientes. A Anprotec \u00e9 a principal entidade do setor que promove e qualifica incubadoras e parques tecnol\u00f3gicos, ber\u00e7o para cria\u00e7\u00e3o de empresas inovadoras. Desde 1989 patrocinamos a Confer\u00eancia Anprotec, mas a partir de 2001 nos tornamos co-organizadores. H\u00e1 tr\u00eas anos criamos o F\u00f3rum Sebrae de Inova\u00e7\u00e3o, parte integrante da Confer\u00eancia na qual apresentamos ao mercado temas e atividades estrat\u00e9gicas que desenvolvemos dentro dessa agenda. A cada ano temos tido resultados mais expressivos nessa parceria. Nesse ano, por exemplo, divulgamos o resultado do Edital do\u00a0Centro de Refer\u00eancia de Apoio a Novos Empreendimentos (Cerne) que, em parceria com a Anprotec, visa ampliar a capacidade das incubadoras em gerarem, sistematicamente, empreendimentos inovadores bem sucedidos.<\/p>\n<p><strong>Neste ano, a Confer\u00eancia tem como tema \u201cAmbientes de inova\u00e7\u00e3o mais sustent\u00e1veis: o empreendedor como protagonista da nova economia\u201d. Qual o papel do movimento de empreendedorismo inovador na promo\u00e7\u00e3o de um desenvolvimento sustent\u00e1vel?<\/strong><\/p>\n<p>A tem\u00e1tica inova\u00e7\u00e3o e sustentabilidade, fio condutor da edi\u00e7\u00e3o 2015 da Confer\u00eancia, \u00e9 fundamental para garantir a perenidade e ampliar a competitividade dos pequenos neg\u00f3cios. Desenvolver solu\u00e7\u00f5es, processos ou canais de venda diferenciados, seja por meio do uso intensivo de tecnologia, seja pelo aperfei\u00e7oamento processual e\/ou produtivo cont\u00ednuo, permitem a conquista de vantagens competitivas dif\u00edceis de serem copiadas pela concorr\u00eancia.<\/p>\n<p><strong>Qual \u00e9 o cen\u00e1rio do empreendedorismo inovador no estado de Mato Grosso e na regi\u00e3o Centro-Oeste?<\/strong><\/p>\n<p>Percebe-se um grande movimento de interioriza\u00e7\u00e3o dos habitats de inova\u00e7\u00e3o no Brasil. Cada vez mais observamos parcerias entre academia, centros de pesquisa, parques tecnol\u00f3gicos e incubadoras. Existem quatro incubadoras afiliadas \u00e0 Anprotec no Mato Grosso e 14 na regi\u00e3o Centro Oeste. Devido a este momento em que ambientes inovadores crescem e incentivam o empreendedorismo no interior do pa\u00eds, a Confer\u00eancia deste\u00a0ano ser\u00e1 realizada em\u00a0Cuiab\u00e1. A capital do Mato Grosso tamb\u00e9m \u00e9 sede do Centro Sebrae de Sustentabilidade (CSS), um polo indutor de pr\u00e1ticas sustent\u00e1veis refer\u00eancia para os pequenos neg\u00f3cios. Al\u00e9m de possuir um pr\u00e9dio exemplo de efici\u00eancia energ\u00e9tica e conforto ambiental, o CSS promove diversas capacita\u00e7\u00f5es e cursos em sustentabilidade para as micro e pequenas empresas.<\/p>\n<p><strong>A Confer\u00eancia deste ano \u00e9 um marco, pois completa 25 anos da realiza\u00e7\u00e3o do evento. Qual a expectativa do Sebrae para esta edi\u00e7\u00e3o?<\/strong><\/p>\n<p>S\u00e3o 25 anos de Confer\u00eancia e de parceria entre Anprotec e Sebrae. Independentemente do fr\u00e1gil momento\u00a0que\u00a0a nossa economia atravessa, apostar e investir em inova\u00e7\u00e3o \u00e9 o melhor caminho. Nesse ano aproveitamos para contemplar a agenda de neg\u00f3cios de impacto social no F\u00f3rum Sebrae de Inova\u00e7\u00e3o, que acontecer\u00e1 dentro da Confer\u00eancia, no dia 20. Os neg\u00f3cios de impacto social s\u00e3o uma categoria de empreendimentos inovadores que possuem a clara inten\u00e7\u00e3o de mitigar problemas sociais e\/ou ambientais ao operarem sob a \u00e9gide de mercado. Eles visam ao lucro, mas seu foco reside na redu\u00e7\u00e3o da pobreza e das desigualdades socioecon\u00f4micas. Teremos a oportunidade de debater mais sobre essa nova agenda do Sebrae nesta edi\u00e7\u00e3o do evento.<\/p>\n<p><em>*Foto:\u00a0Rodrigo de Oliveira<\/em><!--:--><\/p>\n","protected":false},"excerpt":{"rendered":"<p><!--:pt-->Em entrevista exclusiva, Luiz Barretto fala sobre a parceria com a Anprotec, o cen\u00e1rio do empreendedorismo inovador na regi\u00e3o Centro Oeste e a import\u00e2ncia do tema da 25\u00aa Confer\u00eancia Anprotec<!--:--><\/p>\n","protected":false},"author":8,"featured_media":11813,"comment_status":"open","ping_status":"open","sticky":false,"template":"","format":"standard","meta":{"footnotes":"","_links_to":"","_links_to_target":""},"categories":[3],"tags":[],"calendar":[],"_links":{"self":[{"href":"https:\/\/anprotec.org.br\/site\/wp-json\/wp\/v2\/posts\/11812"}],"collection":[{"href":"https:\/\/anprotec.org.br\/site\/wp-json\/wp\/v2\/posts"}],"about":[{"href":"https:\/\/anprotec.org.br\/site\/wp-json\/wp\/v2\/types\/post"}],"author":[{"embeddable":true,"href":"https:\/\/anprotec.org.br\/site\/wp-json\/wp\/v2\/users\/8"}],"replies":[{"embeddable":true,"href":"https:\/\/anprotec.org.br\/site\/wp-json\/wp\/v2\/comments?post=11812"}],"version-history":[{"count":4,"href":"https:\/\/anprotec.org.br\/site\/wp-json\/wp\/v2\/posts\/11812\/revisions"}],"predecessor-version":[{"id":11825,"href":"https:\/\/anprotec.org.br\/site\/wp-json\/wp\/v2\/posts\/11812\/revisions\/11825"}],"wp:featuredmedia":[{"embeddable":true,"href":"https:\/\/anprotec.org.br\/site\/wp-json\/wp\/v2\/media\/11813"}],"wp:attachment":[{"href":"https:\/\/anprotec.org.br\/site\/wp-json\/wp\/v2\/media?parent=11812"}],"wp:term":[{"taxonomy":"category","embeddable":true,"href":"https:\/\/anprotec.org.br\/site\/wp-json\/wp\/v2\/categories?post=11812"},{"taxonomy":"post_tag","embeddable":true,"href":"https:\/\/anprotec.org.br\/site\/wp-json\/wp\/v2\/tags?post=11812"},{"taxonomy":"calendar","embeddable":true,"href":"https:\/\/anprotec.org.br\/site\/wp-json\/wp\/v2\/calendar?post=11812"}],"curies":[{"name":"wp","href":"https:\/\/api.w.org\/{rel}","templated":true}]}}