{"id":11806,"date":"2015-09-11T11:29:25","date_gmt":"2015-09-11T14:29:25","guid":{"rendered":"http:\/\/anprotec.org.br\/site\/?p=11806"},"modified":"2015-09-11T11:29:57","modified_gmt":"2015-09-11T14:29:57","slug":"relacao-investidor-empresa-e-foco-de-forum","status":"publish","type":"post","link":"https:\/\/anprotec.org.br\/site\/2015\/09\/relacao-investidor-empresa-e-foco-de-forum\/","title":{"rendered":"<!--:pt-->Rela\u00e7\u00e3o investidor e empresa \u00e9 foco de f\u00f3rum<!--:-->"},"content":{"rendered":"<p><!--:pt--><img decoding=\"async\" loading=\"lazy\" class=\"alignleft size-thumbnail wp-image-11807\" alt=\"aperto-de-m\u00e3o\" src=\"https:\/\/anprotec.org.br\/site\/wp-content\/uploads\/2015\/09\/aperto-de-m\u00e3o-270x160.jpg\" width=\"270\" height=\"160\" \/>No segundo dia da 25\u00aa Confer\u00eancia Anprotec, 20 de outubro, ser\u00e1 realizado o F\u00f3rum Abvcap &amp; Anprotec. Com o tema\u00a0<strong>Como atrair investidores para meu neg\u00f3cio?<\/strong>, a atividade ter\u00e1 in\u00edcio \u00e0s 9h e se estender\u00e1 at\u00e9 \u00e0s 17h. \u00a0O objetivo principal do f\u00f3rum \u00e9 a capacita\u00e7\u00e3o das empresas ligadas aos parques e incubadoras e a aproxima\u00e7\u00e3o delas com grupo de investidores.<\/p>\n<p>Clovis Meurer, vice-presidente da Associa\u00e7\u00e3o Brasileira de Private Equity e Venture Capital (Abvcap) e membro do Conselho Consultivo da Anprotec, coordenar\u00e1 o f\u00f3rum e tamb\u00e9m apresentar\u00e1 o painel voltado a gestores de empresas em est\u00e1gio inicial oriundas de incubadoras e parques. Sua participa\u00e7\u00e3o ajudar\u00e1 no entendimento sobre os tipos de neg\u00f3cios que os gestores est\u00e3o buscando.<\/p>\n<p>Um dos destaques do f\u00f3rum \u00e9 a participa\u00e7\u00e3o de Bernardo Castello Branco, s\u00f3cio-fundador e diretor da Casulo Apresenta\u00e7\u00f5es Vencedoras. O palestrante conversar\u00e1 com os participantes sobre como preparar uma apresenta\u00e7\u00e3o de sucesso para atrair investidores. Castello Branco tem 15 anos de experi\u00eancia na \u00e1rea e j\u00e1 atendeu clientes como Bunge, Abbott, Philips, Mondelez, Braskem e Ford.<\/p>\n<p>Outro convidado \u00e9 Guilherme Potenza, s\u00f3cio s\u00eanior da Veirano Advogados, que contribuir\u00e1 com informa\u00e7\u00f5es sobre os cuidados jur\u00eddicos necess\u00e1rios ao negociar com o investidor e os princ\u00edpios indispens\u00e1veis. A programa\u00e7\u00e3o do f\u00f3rum contar\u00e1 ainda com apresenta\u00e7\u00f5es de empresas previamente selecionadas e com um painel sobre o di\u00e1logo entre empreendedores e investidores para o financiamento de novos empreendimentos.<\/p>\n<p>Em sua terceira edi\u00e7\u00e3o, o F\u00f3rum Abvcap &amp; Anprotec \u00e9 uma das atividades essenciais da programa\u00e7\u00e3o da Confer\u00eancia Anprotec. \u201cTrata-se de uma oportunidade importante para orientar os participantes do evento sobre como as empresas de centros de inova\u00e7\u00e3o podem captar recursos para seus investimentos de melhor forma\u201d, destaca Meurer.<\/p>\n<p>Conforme enfatiza o vice-presidente da Abvcap, um dos pap\u00e9is da Associa\u00e7\u00e3o \u00e9 oportunizar essa capacita\u00e7\u00e3o e contribuir para a aproxima\u00e7\u00e3o entre investidores e empresas \u2013 tanto as que j\u00e1 se formaram, quanto aquelas que ainda est\u00e3o em processo de forma\u00e7\u00e3o. Para isso, confer\u00eancias como a da Anprotec s\u00e3o essenciais, pois \u201c\u00e9 um evento de n\u00edvel nacional, onde est\u00e3o reunidos representantes de diversos ambientes de inova\u00e7\u00e3o\u201d, completa Meurer.<\/p>\n<p><strong>25\u00aa Confer\u00eancia Anprotec<\/strong><\/p>\n<p>Promovida anualmente por Anprotec e Sebrae, a Confer\u00eancia Anprotec \u00e9 um dos maiores eventos mundiais de empreendedorismo inovador, reunindo cerca de mil participantes de diversos pa\u00edses. Em sua 25\u00aa edi\u00e7\u00e3o, o evento ter\u00e1 a organiza\u00e7\u00e3o local da Arca Multincubadora, da Universidade Federal de Mato Grosso e do governo do estado de Mato Grosso.<\/p>\n<p>A 25\u00aa Confer\u00eancia Anprotec tem como tema \u201cAmbientes de inova\u00e7\u00e3o mais sustent\u00e1veis: o empreendedor como protagonista da nova economia\u201d e se prop\u00f5e discutir inova\u00e7\u00f5es que ofere\u00e7am \u00e0 sociedade n\u00e3o apenas benef\u00edcios econ\u00f4micos e produtivos, mas tamb\u00e9m ambientais e sociais. Nesse contexto, ambientes de inova\u00e7\u00e3o devem se articular aos empreendedores e a outros agentes sociais na busca por solu\u00e7\u00f5es e produtos que aliem o avan\u00e7o cient\u00edfico e o bem-estar humano no limite dos ecossistemas. Dessa forma, as inova\u00e7\u00f5es poder\u00e3o aproveitar os dispositivos da sociedade da informa\u00e7\u00e3o, cada vez mais integrada e em rede, para melhorar a efici\u00eancia dos recursos dispon\u00edveis e transformarem a realidade social.<\/p>\n<p>Acesse o\u00a0<a href=\"http:\/\/conferenciaanprotec.com.br\/pt\/programacao\/\">mapa da programa\u00e7\u00e3o preliminar<br \/>\n<\/a>Confira os\u00a0<a href=\"http:\/\/conferenciaanprotec.com.br\/pt\/inscricoes\/\">valores e categorias<\/a>\u00a0de inscri\u00e7\u00e3o<\/p>\n<p><em>*Foto: Shutterstock<\/em><!--:--><\/p>\n","protected":false},"excerpt":{"rendered":"<p><!--:pt-->Com o tema &#8220;Como atrair investidores para meu neg\u00f3cio?&#8221;, o F\u00f3rum Abvcap &amp; Anprotec ser\u00e1 realizado dia 20 de outubro, durante a Confer\u00eancia Anprotec, em Cuiab\u00e1 (MT).<!--:--><\/p>\n","protected":false},"author":8,"featured_media":11807,"comment_status":"open","ping_status":"open","sticky":false,"template":"","format":"standard","meta":{"footnotes":"","_links_to":"","_links_to_target":""},"categories":[3],"tags":[],"calendar":[],"_links":{"self":[{"href":"https:\/\/anprotec.org.br\/site\/wp-json\/wp\/v2\/posts\/11806"}],"collection":[{"href":"https:\/\/anprotec.org.br\/site\/wp-json\/wp\/v2\/posts"}],"about":[{"href":"https:\/\/anprotec.org.br\/site\/wp-json\/wp\/v2\/types\/post"}],"author":[{"embeddable":true,"href":"https:\/\/anprotec.org.br\/site\/wp-json\/wp\/v2\/users\/8"}],"replies":[{"embeddable":true,"href":"https:\/\/anprotec.org.br\/site\/wp-json\/wp\/v2\/comments?post=11806"}],"version-history":[{"count":2,"href":"https:\/\/anprotec.org.br\/site\/wp-json\/wp\/v2\/posts\/11806\/revisions"}],"predecessor-version":[{"id":11809,"href":"https:\/\/anprotec.org.br\/site\/wp-json\/wp\/v2\/posts\/11806\/revisions\/11809"}],"wp:featuredmedia":[{"embeddable":true,"href":"https:\/\/anprotec.org.br\/site\/wp-json\/wp\/v2\/media\/11807"}],"wp:attachment":[{"href":"https:\/\/anprotec.org.br\/site\/wp-json\/wp\/v2\/media?parent=11806"}],"wp:term":[{"taxonomy":"category","embeddable":true,"href":"https:\/\/anprotec.org.br\/site\/wp-json\/wp\/v2\/categories?post=11806"},{"taxonomy":"post_tag","embeddable":true,"href":"https:\/\/anprotec.org.br\/site\/wp-json\/wp\/v2\/tags?post=11806"},{"taxonomy":"calendar","embeddable":true,"href":"https:\/\/anprotec.org.br\/site\/wp-json\/wp\/v2\/calendar?post=11806"}],"curies":[{"name":"wp","href":"https:\/\/api.w.org\/{rel}","templated":true}]}}