{"id":11348,"date":"2015-08-07T10:08:37","date_gmt":"2015-08-07T13:08:37","guid":{"rendered":"http:\/\/anprotec.org.br\/site\/?p=11348"},"modified":"2015-08-07T10:08:37","modified_gmt":"2015-08-07T13:08:37","slug":"edp-lanca-edicao-2015-de-premio-de-inovacao","status":"publish","type":"post","link":"https:\/\/anprotec.org.br\/site\/2015\/08\/edp-lanca-edicao-2015-de-premio-de-inovacao\/","title":{"rendered":"EDP lan\u00e7a edi\u00e7\u00e3o 2015 de pr\u00eamio de inova\u00e7\u00e3o"},"content":{"rendered":"<p style=\"text-align: justify\"><img decoding=\"async\" loading=\"lazy\" class=\"alignleft size-medium wp-image-11350\" alt=\"edp1\" src=\"https:\/\/anprotec.org.br\/site\/wp-content\/uploads\/2015\/08\/edp1-300x124.jpg\" width=\"300\" height=\"124\" srcset=\"https:\/\/anprotec.org.br\/site\/wp-content\/uploads\/2015\/08\/edp1-300x124.jpg 300w, https:\/\/anprotec.org.br\/site\/wp-content\/uploads\/2015\/08\/edp1-1024x424.jpg 1024w, https:\/\/anprotec.org.br\/site\/wp-content\/uploads\/2015\/08\/edp1.jpg 1327w\" sizes=\"(max-width: 300px) 100vw, 300px\" \/>Est\u00e3o abertas as inscri\u00e7\u00f5es para a edi\u00e7\u00e3o 2015 do\u00a0<a href=\"http:\/\/www.edp.com.br\/premio\">Pr\u00eamio EDP Inova\u00e7\u00e3o<\/a>, idealizado pela <a href=\"http:\/\/www.edp.com.br\/Paginas\/default.aspx\">EDP<\/a>, empresa que atua nas \u00e1reas de gera\u00e7\u00e3o, comercializa\u00e7\u00e3o e distribui\u00e7\u00e3o de energia el\u00e9trica. Com o tema Cidades Inteligentes, a premia\u00e7\u00e3o tem o objetivo de incentivar a inova\u00e7\u00e3o, o empreendedorismo e a sustentabilidade. Os participantes concorrer\u00e3o ao pr\u00eamio de R$ 50 mil e \u00e0 implementa\u00e7\u00e3o do projeto piloto em parceira com a EDP, com recursos da pr\u00f3pria empresa.<\/p>\n<p style=\"text-align: justify\">\u201cO Brasil \u00e9 um celeiro de empreendedores em diversas \u00e1reas, principalmente, em sustentabilidade e ideias que visam \u00e0 melhoria da qualidade de vida das pessoas. Tamb\u00e9m por isso, apoiamos e investimos em projetos que contribuam para o desenvolvimento socioecon\u00f4mico do Pa\u00eds, fomentando a criatividade dos brasileiros e estimulando novos neg\u00f3cios\u201d, diz o presidente da EDP, Miguel Setas.<\/p>\n<p style=\"text-align: justify\">Pelo sexto ano consecutivo, a iniciativa reconhecer\u00e1 ideias empreendedoras com potencial de desenvolvimento de neg\u00f3cios focados em redes inteligentes (smart grids), mobilidade el\u00e9trica, efici\u00eancia energ\u00e9tica e energias renov\u00e1veis. Podem se inscrever, at\u00e9 31 de agosto, estudantes de cursos t\u00e9cnicos, universit\u00e1rios e empreendedores. E as equipes devem ter, no m\u00e1ximo, quatro integrantes.<\/p>\n<p style=\"text-align: justify\"><b>O Pr\u00eamio EDP Inova\u00e7\u00e3o<\/b><\/p>\n<p style=\"text-align: justify\">Em 2015 o pr\u00eamio ser\u00e1 composto por quatro fases distintas: Inscri\u00e7\u00f5es, Modelo de Neg\u00f3cios, Prot\u00f3tipos e Pitch Final. Diferentemente das edi\u00e7\u00f5es anteriores, o processo de sele\u00e7\u00e3o contar\u00e1 com j\u00fari formado por profissionais da EDP, que eleger\u00e1 os cinco melhores projetos, os quais ir\u00e3o \u00e0 fase final disputar o pr\u00eamio de R$ 50 mil.<\/p>\n<p style=\"text-align: justify\">A premia\u00e7\u00e3o integra a pol\u00edtica de inova\u00e7\u00e3o adotada pela companhia e est\u00e1 ancorada na previs\u00edvel transforma\u00e7\u00e3o dos atuais modelos do setor energ\u00e9tico. Com parceiras, entre entidades estudantis, incubadoras e empresas de apoio ao empreendedorismo, o Pr\u00eamio EDP Inova\u00e7\u00e3o oferece muitas vantagens aos participantes. Al\u00e9m da premia\u00e7\u00e3o, todos t\u00eam a oportunidade de interagir entre si e com os executivos da EDP e das empresas parceiras. Contam, ainda, com acesso a cursos de empreendedorismo, al\u00e9m de orienta\u00e7\u00e3o e visibilidade. Para saber mais, inscrever-se ou consultar o regulamento, acesse:\u00a0<a href=\"http:\/\/www.edp.com.br\/premio\">www.edp.com.br\/premio\u200b<\/a>.<\/p>\n<p style=\"text-align: justify\">*Com informa\u00e7\u00f5es e imagem da EDP<\/p>\n","protected":false},"excerpt":{"rendered":"<p><!--:pt-->Cidades Inteligentes \u00e9 o tema do concurso que visa a incentivar a inova\u00e7\u00e3o, a sustentabilidade e o empreendedorismo no Brasil; interessados podem inscrever projetos at\u00e9 31 de agosto.<!--:--><\/p>\n","protected":false},"author":8,"featured_media":11350,"comment_status":"open","ping_status":"open","sticky":false,"template":"","format":"standard","meta":{"footnotes":"","_links_to":"","_links_to_target":""},"categories":[3],"tags":[],"calendar":[],"_links":{"self":[{"href":"https:\/\/anprotec.org.br\/site\/wp-json\/wp\/v2\/posts\/11348"}],"collection":[{"href":"https:\/\/anprotec.org.br\/site\/wp-json\/wp\/v2\/posts"}],"about":[{"href":"https:\/\/anprotec.org.br\/site\/wp-json\/wp\/v2\/types\/post"}],"author":[{"embeddable":true,"href":"https:\/\/anprotec.org.br\/site\/wp-json\/wp\/v2\/users\/8"}],"replies":[{"embeddable":true,"href":"https:\/\/anprotec.org.br\/site\/wp-json\/wp\/v2\/comments?post=11348"}],"version-history":[{"count":1,"href":"https:\/\/anprotec.org.br\/site\/wp-json\/wp\/v2\/posts\/11348\/revisions"}],"predecessor-version":[{"id":11351,"href":"https:\/\/anprotec.org.br\/site\/wp-json\/wp\/v2\/posts\/11348\/revisions\/11351"}],"wp:featuredmedia":[{"embeddable":true,"href":"https:\/\/anprotec.org.br\/site\/wp-json\/wp\/v2\/media\/11350"}],"wp:attachment":[{"href":"https:\/\/anprotec.org.br\/site\/wp-json\/wp\/v2\/media?parent=11348"}],"wp:term":[{"taxonomy":"category","embeddable":true,"href":"https:\/\/anprotec.org.br\/site\/wp-json\/wp\/v2\/categories?post=11348"},{"taxonomy":"post_tag","embeddable":true,"href":"https:\/\/anprotec.org.br\/site\/wp-json\/wp\/v2\/tags?post=11348"},{"taxonomy":"calendar","embeddable":true,"href":"https:\/\/anprotec.org.br\/site\/wp-json\/wp\/v2\/calendar?post=11348"}],"curies":[{"name":"wp","href":"https:\/\/api.w.org\/{rel}","templated":true}]}}