{"id":1105,"date":"2012-12-12T10:27:24","date_gmt":"2012-12-12T13:27:24","guid":{"rendered":"http:\/\/anprotec.org.br\/site\/?p=1105"},"modified":"2012-12-12T11:38:33","modified_gmt":"2012-12-12T14:38:33","slug":"associados-avaliam-cenarios-para-atuacao-futura","status":"publish","type":"post","link":"https:\/\/anprotec.org.br\/site\/2012\/12\/associados-avaliam-cenarios-para-atuacao-futura\/","title":{"rendered":"Associados avaliam cen\u00e1rios de atua\u00e7\u00e3o"},"content":{"rendered":"<p style=\"text-align: justify;\"><a href=\"https:\/\/anprotec.org.br\/site\/2012\/12\/associados-avaliam-cenarios-para-atuacao-futura\/workshop-de-cenarizaa%c2%a7ao-brasa%c2%adlia-11122012-2\/\" rel=\"attachment wp-att-1107\"><img decoding=\"async\" loading=\"lazy\" class=\"alignleft size-thumbnail wp-image-1107\" title=\"Workshop de Cenariza\u00c3\u00a7\u00c3\u00a3o. Bras\u00c3\u00adlia 11\/12\/2012\" src=\"https:\/\/anprotec.org.br\/site\/wp-content\/uploads\/2012\/12\/Cenarizacao_Claudio-Marinho1-270x160.jpg\" alt=\"\" width=\"270\" height=\"160\" \/><\/a>Logo ap\u00f3s a realiza\u00e7\u00e3o do <a href=\"https:\/\/anprotec.org.br\/site\/2012\/12\/cafe-anprotec-parceiros-destaca-trajetoria-do-movimento\/\">Caf\u00e9 da Manh\u00e3 Anprotec &amp; Parceiros<\/a>, nesta ter\u00e7a-feira (11), a Associa\u00e7\u00e3o promoveu o &#8220;Workshop de Cenariza\u00e7\u00e3o Empreendedorismo+25&#8221;, \u00a0a fim de discutir com os associados tend\u00eancias e incertezas que balizar\u00e3o a atua\u00e7\u00e3o do movimento e, em consequencia, da Anprotec nas pr\u00f3ximas d\u00e9cadas. &#8220;Esse \u00e9 um exerc\u00edcio muito importante para que possamos identificar desafios e nos preparar para desenvolver nossas a\u00e7\u00f5es em diferentes cen\u00e1rios&#8221;, explicou a presidente da Anprotec, Francilene Garcia.<\/p>\n<p style=\"text-align: justify;\">Conduzido pelos consultores Cl\u00e1udio Marinho (foto) e F\u00e1bio Queda, respons\u00e1veis pelo desenvolvimento do projeto &#8211; em parceria com a consultora Geciano Porto-, o workshop permitiu que os associados contribu\u00edssem com a modelagem de posicionamentos e estrat\u00e9gias para a atua\u00e7\u00e3o da Anprotec nos pr\u00f3ximos anos. Divididos em grupos, eles apontaram dificuldades e oportunidades para o movimento em rela\u00e7\u00e3o ao cen\u00e1rio internacional, macroecon\u00f4mico, pol\u00edtico e institucional, entre outros. &#8220;Essas contribui\u00e7\u00f5es ser\u00e3o de grande valia para que a Associa\u00e7\u00e3o possa estruturar seus planos de a\u00e7\u00e3o, direcionando esfor\u00e7os para liderar o movimento na busca por resultados cada vez mais expressivos&#8221;, avaliou a presidente.<\/p>\n<p style=\"text-align: justify;\">O workshop integra uma s\u00e9rie de a\u00e7\u00f5es desenvolvidas pela Anprotec em comemora\u00e7\u00e3o a seu 25\u00ba anivers\u00e1rio. Os resultados finais desse projeto ser\u00e3o divulgados em outubro de 2013, durante o XXIII Semin\u00e1rio Nacional de Parques Tecnol\u00f3gicos e Incubadoras de Empresas, que ser\u00e1 realizado em Recife (PE).<\/p>\n<p style=\"text-align: justify;\"><em>Foto: Gilmar F\u00e9lix<\/em><\/p>\n","protected":false},"excerpt":{"rendered":"<p>No Workshop de Cenariza\u00e7\u00e3o Empreendedorismo+25, foram identificados desafios e oportunidades para a atua\u00e7\u00e3o da Anprotec nas pr\u00f3ximas d\u00e9cadas. <\/p>\n","protected":false},"author":8,"featured_media":1107,"comment_status":"open","ping_status":"open","sticky":false,"template":"","format":"standard","meta":{"footnotes":"","_links_to":"","_links_to_target":""},"categories":[3],"tags":[],"calendar":[],"_links":{"self":[{"href":"https:\/\/anprotec.org.br\/site\/wp-json\/wp\/v2\/posts\/1105"}],"collection":[{"href":"https:\/\/anprotec.org.br\/site\/wp-json\/wp\/v2\/posts"}],"about":[{"href":"https:\/\/anprotec.org.br\/site\/wp-json\/wp\/v2\/types\/post"}],"author":[{"embeddable":true,"href":"https:\/\/anprotec.org.br\/site\/wp-json\/wp\/v2\/users\/8"}],"replies":[{"embeddable":true,"href":"https:\/\/anprotec.org.br\/site\/wp-json\/wp\/v2\/comments?post=1105"}],"version-history":[{"count":8,"href":"https:\/\/anprotec.org.br\/site\/wp-json\/wp\/v2\/posts\/1105\/revisions"}],"predecessor-version":[{"id":1131,"href":"https:\/\/anprotec.org.br\/site\/wp-json\/wp\/v2\/posts\/1105\/revisions\/1131"}],"wp:featuredmedia":[{"embeddable":true,"href":"https:\/\/anprotec.org.br\/site\/wp-json\/wp\/v2\/media\/1107"}],"wp:attachment":[{"href":"https:\/\/anprotec.org.br\/site\/wp-json\/wp\/v2\/media?parent=1105"}],"wp:term":[{"taxonomy":"category","embeddable":true,"href":"https:\/\/anprotec.org.br\/site\/wp-json\/wp\/v2\/categories?post=1105"},{"taxonomy":"post_tag","embeddable":true,"href":"https:\/\/anprotec.org.br\/site\/wp-json\/wp\/v2\/tags?post=1105"},{"taxonomy":"calendar","embeddable":true,"href":"https:\/\/anprotec.org.br\/site\/wp-json\/wp\/v2\/calendar?post=1105"}],"curies":[{"name":"wp","href":"https:\/\/api.w.org\/{rel}","templated":true}]}}