{"id":1092,"date":"2012-12-12T09:50:51","date_gmt":"2012-12-12T12:50:51","guid":{"rendered":"http:\/\/anprotec.org.br\/site\/?p=1092"},"modified":"2013-07-09T09:45:00","modified_gmt":"2013-07-09T12:45:00","slug":"cafe-anprotec-parceiros-destaca-trajetoria-do-movimento","status":"publish","type":"post","link":"https:\/\/anprotec.org.br\/site\/2012\/12\/cafe-anprotec-parceiros-destaca-trajetoria-do-movimento\/","title":{"rendered":"Caf\u00e9 Anprotec destaca trajet\u00f3ria do movimento"},"content":{"rendered":"<p style=\"text-align: justify;\"><img decoding=\"async\" loading=\"lazy\" class=\"alignleft size-thumbnail wp-image-1094\" title=\"Caf\u00c3\u00a9 da Manh\u00c3\u00a3 Anprotec &amp; Parceiros. Bras\u00c3\u00adlia 11\/12\/2012\" src=\"https:\/\/anprotec.org.br\/site\/wp-content\/uploads\/2012\/12\/Cafe_Anprotec-270x160.jpg\" alt=\"\" width=\"270\" height=\"160\" \/>Na \u00faltima ter\u00e7a-feira, dia 11, a Anprotec reuniu em Bras\u00edlia (DF) representantes de institui\u00e7\u00f5es que foram essenciais ao sucesso da Associa\u00e7\u00e3o ao longo dos \u00faltimos 25 anos: associados e parceiros. Neste ano, o tradicional Caf\u00e9 da Manh\u00e3 Anprotec &amp; Parceiros foi dedicado a agradecimentos e identifica\u00e7\u00e3o de novos desafios. \u201cOs ativos mais importantes da Anprotec s\u00e3o seus associados, os parceiros e as empresas que formam o movimento. Juntos, trilhamos um caminho de aprendizagem, superando dificuldades e identificando oportunidades de contribuir para o desenvolvimento do pa\u00eds\u201d, destacou a presidente da Anprotec, Francilene Garcia.<\/p>\n<p style=\"text-align: justify;\">O Secret\u00e1rio Executivo do Minist\u00e9rio da Ci\u00eancia, Tecnologia e Inova\u00e7\u00e3o (MCTI), Luis Ant\u00f4nio Elias, parabenizou a Associa\u00e7\u00e3o pelos 25 anos de lideran\u00e7a frente ao movimento de empreendedorismo inovador. \u201cNessa trajet\u00f3ria, h\u00e1 tr\u00eas aspectos importantes a serem lembrados: o sonho, o entusiasmo e a realiza\u00e7\u00e3o. Quando a Anprotec foi criada, havia o sonho de termos a sociedade do conhecimento no Brasil. Com o entusiasmo dos agentes envolvidos com as incubadoras de empresas e parques tecnol\u00f3gicos e sua capacidade de realizar, esse sonho vem se concretizando. Por isso parabenizo a Associa\u00e7\u00e3o e todas as institui\u00e7\u00f5es que ela representa\u201d, disse.<\/p>\n<p style=\"text-align: justify;\">O Secret\u00e1rio de Desenvolvimento Tecnol\u00f3gico e Inova\u00e7\u00e3o do MCTI, Alvaro Prata, que preside o Comit\u00ea Consultivo do Programa Nacional de Incubadoras de Empresas e Parques Tecnol\u00f3gicos (PNI), tamb\u00e9m destacou a import\u00e2ncia do empreendedorismo inovador. \u201cCada vez mais me impressiono com a pujan\u00e7a desse movimento no Brasil, onde ainda n\u00e3o se percebe, com clareza, a import\u00e2ncia da inova\u00e7\u00e3o, da ci\u00eancia e da tecnologia. Por isso, contem com o MCTI, contem com a Secretaria. Envidaremos todos os esfor\u00e7os para que esse movimento seja cada vez mais exitoso\u201d, destacou.<\/p>\n<p style=\"text-align: justify;\">O Minist\u00e9rio do Desenvolvimento, Ind\u00fastria e Com\u00e9rcio Exterior (MDIC) foi representado pelo Secret\u00e1rio de Inova\u00e7\u00e3o, Nelson Fujimoto. \u201cVivemos em uma sociedade extremamente competitiva e entre os desafios da Anprotec para os pr\u00f3ximos 25 anos est\u00e1 a articula\u00e7\u00e3o do fomento ao empreendedorismo inovador para a promo\u00e7\u00e3o da competitividade. Continuem contando com a parceria do MDIC\u201d, disse.<\/p>\n<p style=\"text-align: justify;\"><strong>Desafios <\/strong><\/p>\n<p style=\"text-align: justify;\">Parceiro da Anprotec em diversos projetos e iniciativas, o Sebrae foi representado pelo Diretor T\u00e9cnico da institui\u00e7\u00e3o, Carlos Alberto dos Santos. \u201cSe avaliarmos a hist\u00f3ria do Brasil e do mundo nos \u00faltimos 25 anos, veremos que houve v\u00e1rios per\u00edodos de volatilidade, incertezas. Apesar disso, houve pessoas e institui\u00e7\u00f5es que acreditaram. E isso \u00e9 que fez a diferen\u00e7a, transformando o empreendedorismo inovador em um movimento din\u00e2mico. A Sebrae e a Anprotec t\u00eam um relacionamento antigo, com conv\u00eanios que datam do in\u00edcio da d\u00e9cada de 1990. E a rela\u00e7\u00e3o com esse movimento \u00e9 de uma concretude que ajuda muito nosso trabalho\u201d, afirmou. Ele tamb\u00e9m destacou os desafios de ampliar a base de empresas inovadoras no pa\u00eds. \u201cTemos nos esfor\u00e7ado para de desmistificar a inova\u00e7\u00e3o, refor\u00e7ando que se trata de fazer diferente para fazer melhor. Assim \u00e9 que ampliaremos nossa competitividade. Por isso destinamos, hoje, um ter\u00e7o do or\u00e7amento do Sebrae para a promo\u00e7\u00e3o da inova\u00e7\u00e3o.\u201d<\/p>\n<p style=\"text-align: justify;\">O diretor de Engenharia, Ci\u00eancias Exatas e Humanas do Conselho Nacional de Desenvolvimento Cient\u00edfico e Tecnol\u00f3gico, CNPq, Guilherme Melo elencou, entre os desafios futuros do movimento, o acompanhamento dos novos habitats de inova\u00e7\u00e3o e \u00e0s novas formas de empreendedorismo. \u201cO CNPq est\u00e1 empenhado em aprofundar a parceria com a Anprotec e seus associados para enfrentar esses desafios e contribuir para que o Brasil tenha a inova\u00e7\u00e3o como fator fundamental ao desenvolvimento\u201d, concluiu.<\/p>\n<p style=\"text-align: justify;\">A consolida\u00e7\u00e3o da parceria tamb\u00e9m foi ressaltada pelo diretor do Centro de Gest\u00e3o e Estudos Estrat\u00e9gicos, Mariano Francisco Laplane. \u201cO CGEE se orgulha de ter uma parceria muito rica com a Anprotec h\u00e1 v\u00e1rios anos. S\u00e3o institui\u00e7\u00f5es com desafios comuns, em especial o de fazer com o sistema de inova\u00e7\u00e3o brasileiro funcione de forma mais coesa e integrada. Para aumentar a produtividade precisamos dar um salto de qualidade na inova\u00e7\u00e3o. Olhando para a trajet\u00f3ria da Anprotec, eu n\u00e3o tenho a menor d\u00favida de que ela enfrentar\u00e1 esses desafios com muito sucesso\u201d, concluiu.<\/p>\n<p style=\"text-align: justify;\">Tamb\u00e9m participaram do evento representantes de outras institui\u00e7\u00f5es parceiras da Associa\u00e7\u00e3o, como a Financiadora de Estudos e Projetos (Finep), a Confedera\u00e7\u00e3o Nacional da Ind\u00fastria (CNI) e a Associa\u00e7\u00e3o Brasileira das Institui\u00e7\u00f5es de Pesquisa Tecnol\u00f3gica (ABIPTI). \u201cA Anprotec, em nome de seus associados, agradece a parceria de todas as institui\u00e7\u00f5es que acreditam no movimento. Temos gerado retornos para a sociedade e sabemos que podemos fazer ainda mais, replicando experi\u00eancias exitosas em diferentes regi\u00f5es do pa\u00eds. Juntos, em sinergia, podemos realizar mais e melhor\u201d, concluiu a presidente da Anprotec, Francilene Garcia.<\/p>\n<p>\u00a0\u00a0<em>Foto: Gilmar F\u00e9lix<\/em><\/p>\n","protected":false},"excerpt":{"rendered":"<p>Com a presen\u00e7a dos associados, evento reuniu representantes de diversas institui\u00e7\u00f5es parceiras, que reafirmaram o compromisso de contribuir com o movimento em todo o pa\u00eds.<\/p>\n","protected":false},"author":8,"featured_media":1094,"comment_status":"open","ping_status":"open","sticky":false,"template":"","format":"standard","meta":{"footnotes":"","_links_to":"","_links_to_target":""},"categories":[3],"tags":[],"calendar":[],"_links":{"self":[{"href":"https:\/\/anprotec.org.br\/site\/wp-json\/wp\/v2\/posts\/1092"}],"collection":[{"href":"https:\/\/anprotec.org.br\/site\/wp-json\/wp\/v2\/posts"}],"about":[{"href":"https:\/\/anprotec.org.br\/site\/wp-json\/wp\/v2\/types\/post"}],"author":[{"embeddable":true,"href":"https:\/\/anprotec.org.br\/site\/wp-json\/wp\/v2\/users\/8"}],"replies":[{"embeddable":true,"href":"https:\/\/anprotec.org.br\/site\/wp-json\/wp\/v2\/comments?post=1092"}],"version-history":[{"count":16,"href":"https:\/\/anprotec.org.br\/site\/wp-json\/wp\/v2\/posts\/1092\/revisions"}],"predecessor-version":[{"id":3109,"href":"https:\/\/anprotec.org.br\/site\/wp-json\/wp\/v2\/posts\/1092\/revisions\/3109"}],"wp:featuredmedia":[{"embeddable":true,"href":"https:\/\/anprotec.org.br\/site\/wp-json\/wp\/v2\/media\/1094"}],"wp:attachment":[{"href":"https:\/\/anprotec.org.br\/site\/wp-json\/wp\/v2\/media?parent=1092"}],"wp:term":[{"taxonomy":"category","embeddable":true,"href":"https:\/\/anprotec.org.br\/site\/wp-json\/wp\/v2\/categories?post=1092"},{"taxonomy":"post_tag","embeddable":true,"href":"https:\/\/anprotec.org.br\/site\/wp-json\/wp\/v2\/tags?post=1092"},{"taxonomy":"calendar","embeddable":true,"href":"https:\/\/anprotec.org.br\/site\/wp-json\/wp\/v2\/calendar?post=1092"}],"curies":[{"name":"wp","href":"https:\/\/api.w.org\/{rel}","templated":true}]}}