{"id":10762,"date":"2015-06-25T11:02:04","date_gmt":"2015-06-25T14:02:04","guid":{"rendered":"http:\/\/anprotec.org.br\/site\/?p=10762"},"modified":"2015-06-25T11:02:04","modified_gmt":"2015-06-25T14:02:04","slug":"porto-digital-abre-vagas-para-novos-negocios","status":"publish","type":"post","link":"https:\/\/anprotec.org.br\/site\/2015\/06\/porto-digital-abre-vagas-para-novos-negocios\/","title":{"rendered":"Porto Digital abre vagas para novos neg\u00f3cios"},"content":{"rendered":"<p style=\"text-align: justify\"><a href=\"https:\/\/anprotec.org.br\/site\/wp-content\/uploads\/2014\/03\/logo-porto-digital.jpg\"><img decoding=\"async\" loading=\"lazy\" class=\"size-full wp-image-5769 alignleft\" alt=\"logo-porto digital\" src=\"https:\/\/anprotec.org.br\/site\/wp-content\/uploads\/2014\/03\/logo-porto-digital.jpg\" width=\"300\" height=\"168\" \/><\/a>J\u00e1 est\u00e3o abertas as inscri\u00e7\u00f5es para a chamada de novos neg\u00f3cios inovadores do Porto Digital. O documento detalha os processos de sele\u00e7\u00e3o das novas turmas de incubadas e apresenta uma novidade: o Programa de Qualifica\u00e7\u00e3o de Novos Neg\u00f3cios, que vai atender startups e empreendimentos criativos em est\u00e1gio de ideia estruturada. Os interessados em integrar o ecossistema do Porto Digital tem at\u00e9 o dia 5 de julho pr\u00f3ximo para inscrever-se.<\/p>\n<p>Clique para acessar:<br \/>\n<b><a href=\"https:\/\/docs.google.com\/forms\/d\/1CAfRPIpxpJE_ZuZleCkp5-X52A9VViT11tn1HD3C4ac\/viewform\" target=\"_blank\">[Chamada de novos neg\u00f3cios inovadores]<\/a><br \/>\n<a href=\"https:\/\/docs.google.com\/forms\/d\/16eIGHnV-kJBeh20Y16KaW65e0pIm2aYBeBIKjdqRVzA\/viewform\" target=\"_blank\">[Formul\u00e1rio para submiss\u00e3o de propostas]<\/a><\/b><\/p>\n<p>A chamada vai contemplar um m\u00e1ximo de 26 novos neg\u00f3cios \u2013 oito para cada incubadora (Cais do Porto e Portom\u00eddia) e 10 para o Programa de Qualifica\u00e7\u00e3o, sendo cinco startups de TIC e cinco empreendimentos criativos. Os projetos selecionados ser\u00e3o encaminhados para as incubadoras ou para a Qualifica\u00e7\u00e3o a partir da avalia\u00e7\u00e3o do est\u00e1gio de maturidade do neg\u00f3cio apresentada pelos proponentes. &#8220;O Porto Digital tem como voca\u00e7\u00e3o incentivar a cadeia produtiva de neg\u00f3cios inovadores e com a qualifica\u00e7\u00e3o vamos interagir com os empreendedores em mais um n\u00edvel, fortalecendo ainda mais o ecossistema do parque tecnol\u00f3gico&#8221;, explica Marcos Oliveira, gerente de empreendedorismo do Porto Digital.<\/p>\n<p>A incuba\u00e7\u00e3o \u00e9 destinada \u00e0s startups e empreendimentos criativos com ou sem faturamento, com pelo menos uma vers\u00e3o simples e operacional do produto em est\u00e1gio de teste com potenciais clientes. O Programa de Incuba\u00e7\u00e3o \u00e9 realizado em 18 meses, segundo metodologia do Porto Digital. Os projetos contemplados ter\u00e3o \u00e0 sua disposi\u00e7\u00e3o do Porto Digital infraestrutura ready to use nas incubadoras Cais do Porto e Portom\u00eddia, al\u00e9m de servi\u00e7os de mentoria, treinamento, consultoria tecnol\u00f3gica e de neg\u00f3cios, networking com potenciais clientes e apoio \u00e0 participa\u00e7\u00e3o de eventos.<\/p>\n<p>J\u00e1 os selecionados para qualifica\u00e7\u00e3o participar\u00e3o de atividades em espa\u00e7os do do Porto Digital, al\u00e9m de tamb\u00e9m dispor de mentoria, treinamentos e consultorias. &#8220;Na Qualifica\u00e7\u00e3o os empreendimentos ter\u00e3o tr\u00eas meses para maturar o neg\u00f3cio e ap\u00f3s esse per\u00edodo elas poder\u00e3o entrar direto na incuba\u00e7\u00e3o, na aceleradora ou mesmo associar-se a uma outra solu\u00e7\u00e3o mais adequada ao modelo de neg\u00f3cios&#8221;, esclarece Marcos.<\/p>\n<p><b>Processo seletivo:<\/b>\u00a0Uma novidade desta chamada \u00e9 a forma de apresenta\u00e7\u00e3o de seus empreendimentos. Al\u00e9m de preencher um formul\u00e1rio eletr\u00f4nico, os empreendedores devem produzir um v\u00eddeo de at\u00e9 tr\u00eas minutos em que devem apresentar detalhes do projeto, tais como a tecnologia utilizada, mercado a ser atingido, proje\u00e7\u00f5es e modelo de neg\u00f3cios.<\/p>\n<p>&#8220;A ideia \u00e9 avaliar a habilidade dos empreendedores na comunica\u00e7\u00e3o das suas ideias. Este \u00e9 um elemento fundamental para as startups na atra\u00e7\u00e3o de clientes e investidores e que pode nos ajudar a escolher os empreendimentos que ir\u00e3o para a etapa final de sele\u00e7\u00e3o, a entrevista, na qual os times mais bem avaliados ter\u00e3o a oportunidade de apresentar seus projetos para uma banca de avalia\u00e7\u00e3o&#8221;, explica Marcos Oliveira.<\/p>\n<p style=\"text-align: justify\">*Com informa\u00e7\u00f5es e imagem do Porto Digital<\/p>\n","protected":false},"excerpt":{"rendered":"<p><!--:pt-->Al\u00e9m da incuba\u00e7\u00e3o, chamada do Parque Tecnol\u00f3gico que fica em Recife (PE) apresenta Programa de Qualifica\u00e7\u00e3o para startups e empreendimentos criativos. Inscri\u00e7\u00f5es v\u00e3o at\u00e9 5 de julho.<!--:--><\/p>\n","protected":false},"author":8,"featured_media":5769,"comment_status":"open","ping_status":"open","sticky":false,"template":"","format":"standard","meta":{"footnotes":"","_links_to":"","_links_to_target":""},"categories":[3],"tags":[],"calendar":[],"_links":{"self":[{"href":"https:\/\/anprotec.org.br\/site\/wp-json\/wp\/v2\/posts\/10762"}],"collection":[{"href":"https:\/\/anprotec.org.br\/site\/wp-json\/wp\/v2\/posts"}],"about":[{"href":"https:\/\/anprotec.org.br\/site\/wp-json\/wp\/v2\/types\/post"}],"author":[{"embeddable":true,"href":"https:\/\/anprotec.org.br\/site\/wp-json\/wp\/v2\/users\/8"}],"replies":[{"embeddable":true,"href":"https:\/\/anprotec.org.br\/site\/wp-json\/wp\/v2\/comments?post=10762"}],"version-history":[{"count":1,"href":"https:\/\/anprotec.org.br\/site\/wp-json\/wp\/v2\/posts\/10762\/revisions"}],"predecessor-version":[{"id":10763,"href":"https:\/\/anprotec.org.br\/site\/wp-json\/wp\/v2\/posts\/10762\/revisions\/10763"}],"wp:featuredmedia":[{"embeddable":true,"href":"https:\/\/anprotec.org.br\/site\/wp-json\/wp\/v2\/media\/5769"}],"wp:attachment":[{"href":"https:\/\/anprotec.org.br\/site\/wp-json\/wp\/v2\/media?parent=10762"}],"wp:term":[{"taxonomy":"category","embeddable":true,"href":"https:\/\/anprotec.org.br\/site\/wp-json\/wp\/v2\/categories?post=10762"},{"taxonomy":"post_tag","embeddable":true,"href":"https:\/\/anprotec.org.br\/site\/wp-json\/wp\/v2\/tags?post=10762"},{"taxonomy":"calendar","embeddable":true,"href":"https:\/\/anprotec.org.br\/site\/wp-json\/wp\/v2\/calendar?post=10762"}],"curies":[{"name":"wp","href":"https:\/\/api.w.org\/{rel}","templated":true}]}}