{"id":1068,"date":"2012-12-07T16:37:54","date_gmt":"2012-12-07T19:37:54","guid":{"rendered":"http:\/\/anprotec.org.br\/site\/?p=1068"},"modified":"2012-12-07T16:41:35","modified_gmt":"2012-12-07T19:41:35","slug":"pct-guama-lanca-edital-para-instalacao-de-empresas","status":"publish","type":"post","link":"https:\/\/anprotec.org.br\/site\/2012\/12\/pct-guama-lanca-edital-para-instalacao-de-empresas\/","title":{"rendered":"PCT Guam\u00e1 lan\u00e7ar\u00e1 edital para empreendimentos"},"content":{"rendered":"<p style=\"text-align: justify;\"><a href=\"https:\/\/anprotec.org.br\/site\/2012\/12\/pct-guama-lanca-edital-para-instalacao-de-empresas\/guama_edital-2\/\" rel=\"attachment wp-att-1071\"><img decoding=\"async\" loading=\"lazy\" class=\"alignleft size-thumbnail wp-image-1071\" title=\"guama_Edital\" src=\"https:\/\/anprotec.org.br\/site\/wp-content\/uploads\/2012\/12\/guama_Edital1-270x160.jpg\" alt=\"\" width=\"270\" height=\"160\" \/><\/a>Empresas de base tecnol\u00f3gica interessadas em se instalar no\u00a0Parque\u00a0de Ci\u00eancia e Tecnologia\u00a0Guam\u00e1\u00a0(PCT\u00a0Guam\u00e1), de Bel\u00e9m (PA), t\u00eam at\u00e9 o dia\u00a030\u00a0de janeiro de 2013 para apresentar propostas ao edital que selecionar\u00e1 empreendimentos com perfil tecnol\u00f3gico e inovador. O edital ser\u00e1 lan\u00e7ado oficialmente no dia 18 de dezembro, no audit\u00f3rio do Centro de Excel\u00eancia em Efici\u00eancia Energ\u00e9tica da Amaz\u00f4nia (Ceamazon), onde ser\u00e3o repassadas as linhas gerais da concorr\u00eancia.<\/p>\n<p style=\"text-align: justify;\">O\u00a0parque\u00a0disponibilizar\u00e1 cinco lotes que variam de 2.481 a 3.322 m\u00b2 e se destinam \u00e0 instala\u00e7\u00e3o de empresas ou institui\u00e7\u00f5es dedicadas \u00e0 realiza\u00e7\u00e3o de atividades cient\u00edfico-tecnol\u00f3gicas, a atividades de pesquisa, desenvolvimento e inova\u00e7\u00e3o. Os empreendimentos devem estar alinhados \u00e0s \u00e1reas priorit\u00e1rias de atua\u00e7\u00e3o do\u00a0parque\u00a0paraense: biotecnologia, energia, tecnologia da informa\u00e7\u00e3o e comunica\u00e7\u00e3o, tecnologia ambiental e tecnologia mineral.<\/p>\n<p style=\"text-align: justify;\"><strong>O PCT\u00a0Guam\u00e1<\/strong><\/p>\n<p style=\"text-align: justify;\">Inaugurado em 2010, o PCT (foto) \u00e9 o primeiro\u00a0parque\u00a0tecnol\u00f3gico da Amaz\u00f4nia em opera\u00e7\u00e3o. Tem gest\u00e3o da Funda\u00e7\u00e3o\u00a0Guam\u00e1, por meio de um conv\u00eanio entre Secretaria de Estado, Ci\u00eancia, Tecnologia e Inova\u00e7\u00e3o (Secti), a UFPA e a Universidade Federal Rural da Amaz\u00f4nia (UFRA) e conta com aporte financeiro da Secti, do Banco Nacional de Desenvolvimento Econ\u00f4mico e Social (BNDES) e da Financiadora de Estudos e Projetos (FINEP). Tamb\u00e9m tem o apoio da Embrapa Amaz\u00f4nia Oriental, da Eletrobras\/Eletronorte, do Servi\u00e7o de Apoio \u00e0s Micro e Pequenas Empresas no Par\u00e1 (SEBRAE-PA), do Museu Paraense Emilio Goeldi e da Universidade do Estado do Para (UEPA).<\/p>\n<p style=\"text-align: justify;\">A vers\u00e3o eletr\u00f4nica do edital est\u00e1 dispon\u00edvel no link\u00a0<a href=\"http:\/\/www.comprasnet.gov.br\/\" target=\"_blank\">http:\/\/www.comprasnet.<wbr>gov.br<\/wbr><\/a>.<\/p>\n<p>&nbsp;<\/p>\n<p><em>Foto: Tamara Sar\u00e9\/Divulga\u00e7\u00e3o PCT Guam\u00e1<\/em><\/p>\n","protected":false},"excerpt":{"rendered":"<p>Ser\u00e3o avaliadas propostas nas \u00e1reas de biotecnologia, energia, tecnologia da informa\u00e7\u00e3o e comunica\u00e7\u00e3o, tecnologia ambiental e tecnologia mineral.<\/p>\n","protected":false},"author":8,"featured_media":1071,"comment_status":"open","ping_status":"open","sticky":false,"template":"","format":"standard","meta":{"footnotes":"","_links_to":"","_links_to_target":""},"categories":[3],"tags":[],"calendar":[],"_links":{"self":[{"href":"https:\/\/anprotec.org.br\/site\/wp-json\/wp\/v2\/posts\/1068"}],"collection":[{"href":"https:\/\/anprotec.org.br\/site\/wp-json\/wp\/v2\/posts"}],"about":[{"href":"https:\/\/anprotec.org.br\/site\/wp-json\/wp\/v2\/types\/post"}],"author":[{"embeddable":true,"href":"https:\/\/anprotec.org.br\/site\/wp-json\/wp\/v2\/users\/8"}],"replies":[{"embeddable":true,"href":"https:\/\/anprotec.org.br\/site\/wp-json\/wp\/v2\/comments?post=1068"}],"version-history":[{"count":10,"href":"https:\/\/anprotec.org.br\/site\/wp-json\/wp\/v2\/posts\/1068\/revisions"}],"predecessor-version":[{"id":1076,"href":"https:\/\/anprotec.org.br\/site\/wp-json\/wp\/v2\/posts\/1068\/revisions\/1076"}],"wp:featuredmedia":[{"embeddable":true,"href":"https:\/\/anprotec.org.br\/site\/wp-json\/wp\/v2\/media\/1071"}],"wp:attachment":[{"href":"https:\/\/anprotec.org.br\/site\/wp-json\/wp\/v2\/media?parent=1068"}],"wp:term":[{"taxonomy":"category","embeddable":true,"href":"https:\/\/anprotec.org.br\/site\/wp-json\/wp\/v2\/categories?post=1068"},{"taxonomy":"post_tag","embeddable":true,"href":"https:\/\/anprotec.org.br\/site\/wp-json\/wp\/v2\/tags?post=1068"},{"taxonomy":"calendar","embeddable":true,"href":"https:\/\/anprotec.org.br\/site\/wp-json\/wp\/v2\/calendar?post=1068"}],"curies":[{"name":"wp","href":"https:\/\/api.w.org\/{rel}","templated":true}]}}