{"id":949,"date":"2026-04-13T18:37:03","date_gmt":"2026-04-13T18:37:03","guid":{"rendered":"https:\/\/anprotec.org.br\/conferencia2026\/?p=949"},"modified":"2026-04-13T18:37:03","modified_gmt":"2026-04-13T18:37:03","slug":"conferencia-anprotec-2026-anuncia-novos-palestrantes-com-foco-em-transformacoes-digitais-educacao-e-desenvolvimento-regional","status":"publish","type":"post","link":"https:\/\/anprotec.org.br\/conferencia2026\/conferencia-anprotec-2026-anuncia-novos-palestrantes-com-foco-em-transformacoes-digitais-educacao-e-desenvolvimento-regional\/","title":{"rendered":"Confer\u00eancia Anprotec 2026 anuncia novos palestrantes com foco em transforma\u00e7\u00f5es digitais, educa\u00e7\u00e3o e desenvolvimento regional"},"content":{"rendered":"\n<p>A 36\u00aa Confer\u00eancia Anprotec de Empreendedorismo e Ambientes de Inova\u00e7\u00e3o divulga novos palestrantes que far\u00e3o parte da extensa programa\u00e7\u00e3o do evento. A Confer\u00eancia ser\u00e1 realizada de 29 de junho a 2 de julho, em Manaus (AM). Adriana Ferreira de Faria, Guilherme Ary Plonksi e Rodrigo Rom\u00e3o trar\u00e3o diferentes perspectivas sobre tecnologias emergentes, forma\u00e7\u00e3o de talentos empreendedores e desenvolvimento regional para o fortalecimento do ecossistema de inova\u00e7\u00e3o no Brasil.<\/p>\n\n\n\n<h3 class=\"wp-block-heading\">Adriana Ferreira de Faria ( Anprotec)&nbsp;<\/h3>\n\n\n\n<p>Para integrar os debates sobre inova\u00e7\u00e3o e empreendedorismo na Confer\u00eancia Anprotec 2026, a presidente da Anprotec, Adriana Ferreira de Faria, integrar\u00e1 a programa\u00e7\u00e3o do evento. Adriana \u00e9 engenheira qu\u00edmica formada pela Universidade Federal de Uberl\u00e2ndia, possui mestrado e doutorado em Engenharia Mec\u00e2nica pela mesma institui\u00e7\u00e3o e realizou p\u00f3s-doutorado em Gest\u00e3o da Inova\u00e7\u00e3o na North Carolina State University.&nbsp;<\/p>\n\n\n\n<p>Atualmente, ela \u00e9 professora na Universidade Federal de Vi\u00e7osa (UFV) e lidera como diretora executiva do Centro Tecnol\u00f3gico de Desenvolvimento Regional de Vi\u00e7osa (CenTev\/UFV) desde 2019. Como diretora-presidente da Rede Mineira de Inova\u00e7\u00e3o (gest\u00e3o 2023\/2024), Adriana destaca-se no cen\u00e1rio de inova\u00e7\u00e3o e empreendedorismo.<\/p>\n\n\n\n<p>Na Confer\u00eancia, participar\u00e1 da <strong>Plen\u00e1ria 4: Transforma\u00e7\u00f5es Digitais, Intelig\u00eancia Artificial e Novos Modelos Produtivos<\/strong>, que ser\u00e1 realizada no dia 1<sup>o<\/sup> de julho \u00e0s 10h30. Adriana contribuir\u00e1 com o debate sobre como as transforma\u00e7\u00f5es digitais, intelig\u00eancia artificial, biotecnologia e nanotecnologia est\u00e3o redefinindo os modelos produtivos e a din\u00e2mica da economia global.<\/p>\n\n\n\n<h3 class=\"wp-block-heading\">Guilherme Ary Plonski (USP)&nbsp;<\/h3>\n\n\n\n<p>Tamb\u00e9m participar\u00e1 o ex-presidente da Anprotec Guilherme Ary Plonksi, que hoje atua como professor s\u00eanior da Faculdade de Economia, Administra\u00e7\u00e3o, Contabilidade e Atu\u00e1ria (Departamento de Administra\u00e7\u00e3o) e do Instituto de Estudos Avan\u00e7ados da USP.&nbsp;<\/p>\n\n\n\n<p>Al\u00e9m disso, Guilherme \u00e9 Coordenador de Projetos na Funda\u00e7\u00e3o Instituto de Administra\u00e7\u00e3o,&nbsp; Pesquisador-Em\u00e9rito do CNPq e Membro Titular da Academia de Ci\u00eancias do Estado de S\u00e3o Paulo (ACIESP).&nbsp;<\/p>\n\n\n\n<p>Na Confer\u00eancia, participar\u00e1 da <strong>Painel Tem\u00e1tico 3 &#8211; Talentos, educa\u00e7\u00e3o empreendedora e forma\u00e7\u00e3o para inova\u00e7\u00e3o<\/strong>, que ser\u00e1 realizado no dia 1<sup>o<\/sup> de julho \u00e0s 08h30. Guilherme contribuir\u00e1 com o debate sobre a conex\u00e3o do futuro dos ecossistemas de inova\u00e7\u00e3o com a forma\u00e7\u00e3o de talentos pelas institui\u00e7\u00f5es de ensino, como os institutos federais e as universidades.<\/p>\n\n\n\n<h3 class=\"wp-block-heading\">Rodrigo Rom\u00e3o (Metr\u00f3pole Parque \u2013 UFRN)&nbsp;<\/h3>\n\n\n\n<p>Por fim, o evento contar\u00e1 com a presen\u00e7a de Rodrigo Rom\u00e3o, diretor do Metr\u00f3pole Parque, o maior polo de tecnologia, empreendedorismo e inova\u00e7\u00e3o do Rio Grande do Norte. Sua atua\u00e7\u00e3o tamb\u00e9m envolve o cargo de diretor adjunto no Smart Metr\u00f3polis iHub FIWARE, coordenador de Planejamento e Neg\u00f3cios da Unidade EMBRAPII Metr\u00f3pole Digital\/UFRN e pesquisador (doutorando) em ambientes de inova\u00e7\u00e3o.<\/p>\n\n\n\n<p>Na Confer\u00eancia, participar\u00e1 do <strong>Painel Tem\u00e1tico 5 &#8211; Consolidando ecossistemas para o desenvolvimento regional<\/strong>, que ser\u00e1 realizado no dia 1<sup>o<\/sup> de julho \u00e0s 14h. Rodrigo contribuir\u00e1 com o debate sobre como os ecossistemas de inova\u00e7\u00e3o podem se tornar motores estrat\u00e9gicos para o desenvolvimento regional, fortalecendo a economia local e promovendo impactos sociais e tecnol\u00f3gicos sustent\u00e1veis.<\/p>\n\n\n\n<h3 class=\"wp-block-heading\"><strong>Sobre a Confer\u00eancia Anprotec 2026<\/strong><\/h3>\n\n\n\n<p>A <strong>36\u00aa Confer\u00eancia Anprotec de Empreendedorismo e Ambientes de Inova\u00e7\u00e3o<\/strong> ser\u00e1 realizada de 29 de junho a 2 de julho, em Manaus (AM), com o tema <strong>\u201cConsolidando Ecossistemas: Empreendedorismo Inovador para a Economia do Futuro\u201d.<\/strong><\/p>\n\n\n\n<p>O evento reunir\u00e1 gestores de incubadoras, parques tecnol\u00f3gicos, aceleradoras e hubs de inova\u00e7\u00e3o, al\u00e9m de representantes de universidades, empresas e governos, para debater temas estrat\u00e9gicos relacionados ao desenvolvimento regional, bioeconomia, tecnologias emergentes, internacionaliza\u00e7\u00e3o e forma\u00e7\u00e3o de capital humano.<br>A confer\u00eancia \u00e9 realizada pela <strong>Anprotec<\/strong>, em parceria com o <strong>Sebrae<\/strong>, e conta com a <strong>Funda\u00e7\u00e3o Paulo Feitoza<\/strong> e a <strong>Universidade do Estado do Amazonas<\/strong> como organizadores locais.<\/p>\n","protected":false},"excerpt":{"rendered":"<p>A 36\u00aa Confer\u00eancia Anprotec de Empreendedorismo e Ambientes de Inova\u00e7\u00e3o divulga novos palestrantes que far\u00e3o parte da extensa programa\u00e7\u00e3o do evento. A Confer\u00eancia ser\u00e1 realizada de 29 de junho a 2 de julho, em Manaus (AM). Adriana Ferreira de Faria, Guilherme Ary Plonksi e Rodrigo Rom\u00e3o trar\u00e3o diferentes perspectivas sobre tecnologias emergentes, forma\u00e7\u00e3o de talentos [&hellip;]<\/p>\n","protected":false},"author":2,"featured_media":951,"comment_status":"open","ping_status":"open","sticky":false,"template":"","format":"standard","meta":{"footnotes":""},"categories":[1],"tags":[],"class_list":["post-949","post","type-post","status-publish","format-standard","has-post-thumbnail","hentry","category-uncategorized"],"_links":{"self":[{"href":"https:\/\/anprotec.org.br\/conferencia2026\/wp-json\/wp\/v2\/posts\/949","targetHints":{"allow":["GET"]}}],"collection":[{"href":"https:\/\/anprotec.org.br\/conferencia2026\/wp-json\/wp\/v2\/posts"}],"about":[{"href":"https:\/\/anprotec.org.br\/conferencia2026\/wp-json\/wp\/v2\/types\/post"}],"author":[{"embeddable":true,"href":"https:\/\/anprotec.org.br\/conferencia2026\/wp-json\/wp\/v2\/users\/2"}],"replies":[{"embeddable":true,"href":"https:\/\/anprotec.org.br\/conferencia2026\/wp-json\/wp\/v2\/comments?post=949"}],"version-history":[{"count":1,"href":"https:\/\/anprotec.org.br\/conferencia2026\/wp-json\/wp\/v2\/posts\/949\/revisions"}],"predecessor-version":[{"id":952,"href":"https:\/\/anprotec.org.br\/conferencia2026\/wp-json\/wp\/v2\/posts\/949\/revisions\/952"}],"wp:featuredmedia":[{"embeddable":true,"href":"https:\/\/anprotec.org.br\/conferencia2026\/wp-json\/wp\/v2\/media\/951"}],"wp:attachment":[{"href":"https:\/\/anprotec.org.br\/conferencia2026\/wp-json\/wp\/v2\/media?parent=949"}],"wp:term":[{"taxonomy":"category","embeddable":true,"href":"https:\/\/anprotec.org.br\/conferencia2026\/wp-json\/wp\/v2\/categories?post=949"},{"taxonomy":"post_tag","embeddable":true,"href":"https:\/\/anprotec.org.br\/conferencia2026\/wp-json\/wp\/v2\/tags?post=949"}],"curies":[{"name":"wp","href":"https:\/\/api.w.org\/{rel}","templated":true}]}}