{"id":91,"date":"2026-01-28T19:14:14","date_gmt":"2026-01-28T19:14:14","guid":{"rendered":"https:\/\/projetos.lacom.ag\/conferencia2026\/?p=91"},"modified":"2026-02-05T16:04:42","modified_gmt":"2026-02-05T16:04:42","slug":"conferencia-anprotec-2026-abre-inscricoes-para-avaliadores-da-chamada-de-trabalhos","status":"publish","type":"post","link":"https:\/\/anprotec.org.br\/conferencia2026\/conferencia-anprotec-2026-abre-inscricoes-para-avaliadores-da-chamada-de-trabalhos\/","title":{"rendered":"Confer\u00eancia Anprotec 2026 abre inscri\u00e7\u00f5es para avaliadores da Chamada de Trabalhos"},"content":{"rendered":"\n<p>Profissionais e pesquisadores com experi\u00eancia em inova\u00e7\u00e3o, empreendedorismo e \u00e1reas correlatas podem se inscrever at\u00e9 13 de fevereiro para integrar o Comit\u00ea Avaliador da Chamada de Trabalhos da 36\u00aa Confer\u00eancia Anprotec. O evento ser\u00e1 realizado em Manaus, de 29 de junho a 2 de julho de 2026.<\/p>\n\n\n\n<p>A 36\u00aa Confer\u00eancia Anprotec ter\u00e1 como tema \u201cConsolidando Ecossistemas: Empreendedorismo Inovador para a Economia do Futuro\u201d. Este \u00e9 um momento hist\u00f3rico para o evento, que retorna \u00e0 Regi\u00e3o Norte do pa\u00eds no contexto p\u00f3s-COP30, posicionando a Amaz\u00f4nia como territ\u00f3rio estrat\u00e9gico para a inova\u00e7\u00e3o e o desenvolvimento sustent\u00e1vel.<\/p>\n\n\n\n<p>A Chamada de Trabalhos receber\u00e1 submiss\u00f5es at\u00e9 o dia 6 de fevereiro de 2026, buscando artigos e relatos de boas pr\u00e1ticas que contribuam para a consolida\u00e7\u00e3o dos ecossistemas de inova\u00e7\u00e3o brasileiros. Os trabalhos selecionados com altos crit\u00e9rios de qualifica\u00e7\u00e3o ser\u00e3o apresentados em pain\u00e9is estruturados e publicados nos anais do evento.<\/p>\n\n\n\n<p><strong>Convite para Avaliadores<\/strong><\/p>\n\n\n\n<p>Para manter o alto padr\u00e3o de excel\u00eancia na sele\u00e7\u00e3o dos trabalhos, a Anprotec est\u00e1 em busca de especialistas que possam colaborar como avaliadores desta edi\u00e7\u00e3o. Se voc\u00ea \u00e9 um profissional ou acad\u00eamico com experi\u00eancia em inova\u00e7\u00e3o, empreendedorismo ou \u00e1reas correlatas, convidamos voc\u00ea a integrar o Comit\u00ea Avaliador da Confer\u00eancia Anprotec 2026.<\/p>\n\n\n\n<p>A participa\u00e7\u00e3o no Comit\u00ea Avaliador \u00e9 volunt\u00e1ria e n\u00e3o remunerada. Os selecionados receber\u00e3o 50% de desconto na inscri\u00e7\u00e3o para a Confer\u00eancia e Certificado de Participa\u00e7\u00e3o. Cada avaliador ser\u00e1 respons\u00e1vel por at\u00e9 10 trabalhos, com prazo para an\u00e1lise de 23 de fevereiro a 30 de mar\u00e7o de 2026.<\/p>\n\n\n\n<p>Para Rodrigo Quites Reis, coordenador do Comit\u00ea Cient\u00edfico da Confer\u00eancia Anprotec 2026, o crescimento do evento reflete o engajamento da comunidade de inova\u00e7\u00e3o brasileira. \u201cChegamos a 200 submiss\u00f5es em 2025, um n\u00famero que demonstra como a Confer\u00eancia se consolidou como espa\u00e7o de refer\u00eancia para a dissemina\u00e7\u00e3o do conhecimento em ecossistemas de inova\u00e7\u00e3o. Esse resultado s\u00f3 \u00e9 poss\u00edvel gra\u00e7as \u00e0 comunidade que abra\u00e7a o evento \u2013 tanto os autores que submetem trabalhos de excelente qualidade quanto os avaliadores que dedicam seu tempo e expertise para garantir o rigor cient\u00edfico da sele\u00e7\u00e3o\u201d, destaca.<\/p>\n\n\n\n<p><strong><a href=\"https:\/\/docs.google.com\/forms\/d\/e\/1FAIpQLSddVEzHM35xreVS-i0SjfZzl0O-PR77OrsQhpfJo7StbnqjuA\/viewform\">[ FORMUL\u00c1RIO DE INSCRI\u00c7\u00c3O PARA AVALIADORES ]<\/a><\/strong><\/p>\n\n\n\n<p><strong>Cronograma da Avalia\u00e7\u00e3o<\/strong><\/p>\n\n\n\n<ul class=\"wp-block-list\">\n<li>Inscri\u00e7\u00f5es: de 28 de janeiro a 13 de fevereiro de 2026<\/li>\n\n\n\n<li>Divulga\u00e7\u00e3o dos avaliadores selecionados: at\u00e9 20 de fevereiro de 2026<\/li>\n\n\n\n<li>Per\u00edodo de avalia\u00e7\u00e3o: 23 de fevereiro a 30 de mar\u00e7o de 2026<\/li>\n\n\n\n<li>Responsabilidade: cada avaliador poder\u00e1 receber at\u00e9 10 trabalhos para an\u00e1lise<\/li>\n\n\n\n<li>Elegibilidade: autores de trabalhos tamb\u00e9m podem atuar como avaliadores<\/li>\n<\/ul>\n\n\n\n<p><strong>Submiss\u00e3o de Artigos e Relatos de Boas Pr\u00e1ticas para a Chamada de Trabalhos segue aberta at\u00e9 6 de fevereiro<\/strong><\/p>\n\n\n\n<p>Pesquisadores, profissionais e representantes de empresas, institui\u00e7\u00f5es de ci\u00eancia e tecnologia e ambientes promotores de inova\u00e7\u00e3o ainda podem participar da Chamada de Trabalhos at\u00e9 o dia 6\/2. Os trabalhos devem ser submetidos em duas categorias:&nbsp;<strong>artigo in\u00e9dito<\/strong>&nbsp;(at\u00e9 4 mil palavras) e&nbsp;<strong>relato de boas pr\u00e1ticas em empresas e ambientes de inova\u00e7\u00e3o<\/strong>&nbsp;(at\u00e9 2 mil palavras). Em ambos os casos, \u00e9 obrigat\u00f3rio o envio de um v\u00eddeo de at\u00e9 cinco minutos com a apresenta\u00e7\u00e3o do conte\u00fado por um dos autores.<\/p>\n\n\n\n<p>Os trabalhos submetidos devem estar relacionados a um dos seguintes eixos:<\/p>\n\n\n\n<ol class=\"wp-block-list\">\n<li>Desenvolvimento Regional, Pol\u00edticas de Inova\u00e7\u00e3o e Articula\u00e7\u00e3o de Ecossistemas<\/li>\n\n\n\n<li>Coopera\u00e7\u00e3o, Inova\u00e7\u00e3o Aberta e P&amp;D Colaborativo<\/li>\n\n\n\n<li>Bioeconomia, Sustentabilidade e Impacto Socioambiental<\/li>\n\n\n\n<li>Tecnologias Emergentes e Transforma\u00e7\u00e3o Digital<\/li>\n\n\n\n<li>Capital Humano, Educa\u00e7\u00e3o e Infraestrutura para a Inova\u00e7\u00e3o<\/li>\n\n\n\n<li>Internacionaliza\u00e7\u00e3o e Conex\u00f5es Globais<\/li>\n<\/ol>\n\n\n\n<p>Leia o&nbsp;<a href=\"https:\/\/anprotec.org.br\/site\/wp-content\/uploads\/2025\/12\/Conferencia-Anprotec-2026-Chamada-de-Trabalhos.docx.pdf\"><strong>regulamento<\/strong><\/a>&nbsp;da Chamada de Trabalhos<\/p>\n\n\n\n<p>A 36\u00aa Confer\u00eancia Anprotec \u00e9 promovida pela Associa\u00e7\u00e3o Nacional de Entidades Promotoras de Empreendimentos Inovadores (Anprotec), em parceria com o Servi\u00e7o Brasileiro de Apoio \u00e0s Micro e Pequenas Empresas (Sebrae), e conta com a organiza\u00e7\u00e3o local da Funda\u00e7\u00e3o Paulo Feitosa Tec (FPFtech) e da Universidade do Estado do Amazonas (UEA).<\/p>\n","protected":false},"excerpt":{"rendered":"<p>Profissionais e pesquisadores com experi\u00eancia em inova\u00e7\u00e3o, empreendedorismo e \u00e1reas correlatas podem se inscrever at\u00e9 13 de fevereiro para integrar o Comit\u00ea Avaliador da Chamada de Trabalhos da 36\u00aa Confer\u00eancia Anprotec. O evento ser\u00e1 realizado em Manaus, de 29 de junho a 2 de julho de 2026. A 36\u00aa Confer\u00eancia Anprotec ter\u00e1 como tema \u201cConsolidando [&hellip;]<\/p>\n","protected":false},"author":1,"featured_media":92,"comment_status":"open","ping_status":"open","sticky":false,"template":"","format":"standard","meta":{"footnotes":""},"categories":[1],"tags":[],"class_list":["post-91","post","type-post","status-publish","format-standard","has-post-thumbnail","hentry","category-uncategorized"],"_links":{"self":[{"href":"https:\/\/anprotec.org.br\/conferencia2026\/wp-json\/wp\/v2\/posts\/91","targetHints":{"allow":["GET"]}}],"collection":[{"href":"https:\/\/anprotec.org.br\/conferencia2026\/wp-json\/wp\/v2\/posts"}],"about":[{"href":"https:\/\/anprotec.org.br\/conferencia2026\/wp-json\/wp\/v2\/types\/post"}],"author":[{"embeddable":true,"href":"https:\/\/anprotec.org.br\/conferencia2026\/wp-json\/wp\/v2\/users\/1"}],"replies":[{"embeddable":true,"href":"https:\/\/anprotec.org.br\/conferencia2026\/wp-json\/wp\/v2\/comments?post=91"}],"version-history":[{"count":1,"href":"https:\/\/anprotec.org.br\/conferencia2026\/wp-json\/wp\/v2\/posts\/91\/revisions"}],"predecessor-version":[{"id":93,"href":"https:\/\/anprotec.org.br\/conferencia2026\/wp-json\/wp\/v2\/posts\/91\/revisions\/93"}],"wp:featuredmedia":[{"embeddable":true,"href":"https:\/\/anprotec.org.br\/conferencia2026\/wp-json\/wp\/v2\/media\/92"}],"wp:attachment":[{"href":"https:\/\/anprotec.org.br\/conferencia2026\/wp-json\/wp\/v2\/media?parent=91"}],"wp:term":[{"taxonomy":"category","embeddable":true,"href":"https:\/\/anprotec.org.br\/conferencia2026\/wp-json\/wp\/v2\/categories?post=91"},{"taxonomy":"post_tag","embeddable":true,"href":"https:\/\/anprotec.org.br\/conferencia2026\/wp-json\/wp\/v2\/tags?post=91"}],"curies":[{"name":"wp","href":"https:\/\/api.w.org\/{rel}","templated":true}]}}