{"id":9,"date":"2025-05-05T17:40:57","date_gmt":"2025-05-05T17:40:57","guid":{"rendered":"https:\/\/projetos.lacom.ag\/conferencia2026\/?p=9"},"modified":"2026-02-05T16:01:05","modified_gmt":"2026-02-05T16:01:05","slug":"associados-ja-podem-se-candidatar-para-sediar-a-conferencia-anprotec-2026","status":"publish","type":"post","link":"https:\/\/anprotec.org.br\/conferencia2026\/associados-ja-podem-se-candidatar-para-sediar-a-conferencia-anprotec-2026\/","title":{"rendered":"Associados j\u00e1 podem se candidatar para sediar a Confer\u00eancia Anprotec 2026"},"content":{"rendered":"\n<p>A Anprotec abriu oficialmente o processo de sele\u00e7\u00e3o da cidade que sediar\u00e1 a 36\u00aa edi\u00e7\u00e3o da Confer\u00eancia Anprotec de Empreendedorismo e Ambientes de Inova\u00e7\u00e3o, prevista para acontecer entre os meses de maio e junho de 2026.&nbsp;<\/p>\n\n\n\n<p>Consolidada como um dos mais importantes encontros do ecossistema brasileiro de inova\u00e7\u00e3o, a Confer\u00eancia Anprotec re\u00fane anualmente representantes de parques tecnol\u00f3gicos, incubadoras, aceleradoras, hubs de inova\u00e7\u00e3o, universidades, empresas e governos. Como parte da sua tradi\u00e7\u00e3o de valoriza\u00e7\u00e3o da participa\u00e7\u00e3o dos associados, a Anprotec convida as institui\u00e7\u00f5es interessadas a apresentar propostas para sediar o evento.<\/p>\n\n\n\n<p>Podem participar da chamada os associados adimplentes que atendam aos crit\u00e9rios de elegibilidade, infraestrutura e capacidade de organiza\u00e7\u00e3o. Entre as exig\u00eancias est\u00e3o a comprova\u00e7\u00e3o de estrutura hoteleira e de eventos adequada, articula\u00e7\u00e3o com redes estaduais ou regionais de inova\u00e7\u00e3o, al\u00e9m da apresenta\u00e7\u00e3o de contrapartidas para a realiza\u00e7\u00e3o do Coquetel de Abertura, visitas t\u00e9cnicas e demais etapas do evento.<\/p>\n\n\n\n<p>A proposta deve ser enviada at\u00e9 o dia 4 de agosto de 2025, acompanhada dos documentos listados no edital. A sele\u00e7\u00e3o ser\u00e1 realizada por uma comiss\u00e3o designada, e os proponentes habilitados apresentar\u00e3o suas propostas durante a Assembleia Geral Ordin\u00e1ria da Anprotec, que ser\u00e1 realizada durante a Confer\u00eancia Anprotec 2025.<\/p>\n\n\n\n<p>\u201cEsse processo refor\u00e7a o car\u00e1ter colaborativo da nossa rede e a oportunidade de cada territ\u00f3rio mostrar seu protagonismo na promo\u00e7\u00e3o do empreendedorismo inovador\u201d, destaca Adriana Faria, presidente da Anprotec.<\/p>\n\n\n\n<p><a href=\"https:\/\/anprotec.org.br\/site\/wp-content\/uploads\/2025\/05\/Edital-Sede-Conferencia-2026_V5_FINAL-Sign.pdf\">Clique aqui para acessar o edital completo.<\/a><\/p>\n","protected":false},"excerpt":{"rendered":"<p>A Anprotec abriu oficialmente o processo de sele\u00e7\u00e3o da cidade que sediar\u00e1 a 36\u00aa edi\u00e7\u00e3o da Confer\u00eancia Anprotec de Empreendedorismo e Ambientes de Inova\u00e7\u00e3o, prevista para acontecer entre os meses de maio e junho de 2026.&nbsp; Consolidada como um dos mais importantes encontros do ecossistema brasileiro de inova\u00e7\u00e3o, a Confer\u00eancia Anprotec re\u00fane anualmente representantes de [&hellip;]<\/p>\n","protected":false},"author":1,"featured_media":10,"comment_status":"open","ping_status":"open","sticky":false,"template":"","format":"standard","meta":{"footnotes":""},"categories":[1],"tags":[],"class_list":["post-9","post","type-post","status-publish","format-standard","has-post-thumbnail","hentry","category-uncategorized"],"_links":{"self":[{"href":"https:\/\/anprotec.org.br\/conferencia2026\/wp-json\/wp\/v2\/posts\/9","targetHints":{"allow":["GET"]}}],"collection":[{"href":"https:\/\/anprotec.org.br\/conferencia2026\/wp-json\/wp\/v2\/posts"}],"about":[{"href":"https:\/\/anprotec.org.br\/conferencia2026\/wp-json\/wp\/v2\/types\/post"}],"author":[{"embeddable":true,"href":"https:\/\/anprotec.org.br\/conferencia2026\/wp-json\/wp\/v2\/users\/1"}],"replies":[{"embeddable":true,"href":"https:\/\/anprotec.org.br\/conferencia2026\/wp-json\/wp\/v2\/comments?post=9"}],"version-history":[{"count":1,"href":"https:\/\/anprotec.org.br\/conferencia2026\/wp-json\/wp\/v2\/posts\/9\/revisions"}],"predecessor-version":[{"id":11,"href":"https:\/\/anprotec.org.br\/conferencia2026\/wp-json\/wp\/v2\/posts\/9\/revisions\/11"}],"wp:featuredmedia":[{"embeddable":true,"href":"https:\/\/anprotec.org.br\/conferencia2026\/wp-json\/wp\/v2\/media\/10"}],"wp:attachment":[{"href":"https:\/\/anprotec.org.br\/conferencia2026\/wp-json\/wp\/v2\/media?parent=9"}],"wp:term":[{"taxonomy":"category","embeddable":true,"href":"https:\/\/anprotec.org.br\/conferencia2026\/wp-json\/wp\/v2\/categories?post=9"},{"taxonomy":"post_tag","embeddable":true,"href":"https:\/\/anprotec.org.br\/conferencia2026\/wp-json\/wp\/v2\/tags?post=9"}],"curies":[{"name":"wp","href":"https:\/\/api.w.org\/{rel}","templated":true}]}}