{"id":88,"date":"2026-01-21T19:13:34","date_gmt":"2026-01-21T19:13:34","guid":{"rendered":"https:\/\/projetos.lacom.ag\/conferencia2026\/?p=88"},"modified":"2026-02-05T16:04:28","modified_gmt":"2026-02-05T16:04:28","slug":"inscreva-se-no-premio-nacional-anprotec-de-empreendedorismo-inovador-2026","status":"publish","type":"post","link":"https:\/\/anprotec.org.br\/conferencia2026\/inscreva-se-no-premio-nacional-anprotec-de-empreendedorismo-inovador-2026\/","title":{"rendered":"Inscreva-se no Pr\u00eamio Nacional Anprotec de Empreendedorismo Inovador 2026"},"content":{"rendered":"\n<p>Est\u00e3o abertas as inscri\u00e7\u00f5es para o Pr\u00eamio Nacional Anprotec de Empreendedorismo Inovador 2026. A premia\u00e7\u00e3o reconhece os melhores programas, pr\u00e1ticas e projetos de incubadoras, aceleradoras, hubs de inova\u00e7\u00e3o, parques cient\u00edficos e tecnol\u00f3gicos e empresas vinculadas a institui\u00e7\u00f5es associadas \u00e0 Anprotec. As inscri\u00e7\u00f5es v\u00e3o at\u00e9 25 de fevereiro.<\/p>\n\n\n\n<p>Ap\u00f3s sua retomada com sucesso em 2024, o pr\u00eamio tem se consolidado&nbsp; como refer\u00eancia nacional na valoriza\u00e7\u00e3o de solu\u00e7\u00f5es inovadoras e ferramenta importante no fortalecimento do ecossistema de inova\u00e7\u00e3o brasileiro. A divulga\u00e7\u00e3o dos vencedores ocorrer\u00e1 durante a 36\u00aa Confer\u00eancia Anprotec de Empreendedorismo e Ambientes de Inova\u00e7\u00e3o, que ser\u00e1 realizada nos dias 29 de junho e 2 de julho em Manaus (AM).<\/p>\n\n\n\n<p>\u201cA edi\u00e7\u00e3o de 2025 superou nossas expectativas. Conseguimos reconhecer ambientes de inova\u00e7\u00e3o que est\u00e3o transformando o ecossistema brasileiro. Para 2026, queremos ampliar esse interc\u00e2mbio de boas pr\u00e1ticas e fortalecer ainda mais a conex\u00e3o entre os atores do setor em todo o pa\u00eds\u201d, afirma Adriana Faria, presidente da Anprotec.<\/p>\n\n\n\n<p><strong>Etapas de avalia\u00e7\u00e3o<\/strong><\/p>\n\n\n\n<p>A avalia\u00e7\u00e3o dos programas ser\u00e1 feita em tr\u00eas momentos:<\/p>\n\n\n\n<ul class=\"wp-block-list\">\n<li><strong>An\u00e1lise t\u00e9cnica<\/strong>: feita por um comit\u00ea de especialistas composto por representantes de minist\u00e9rios, ag\u00eancias de fomento, redes regionais e institui\u00e7\u00f5es estrat\u00e9gicas.<\/li>\n\n\n\n<li><strong>Vota\u00e7\u00e3o popular:\u00a0<\/strong>nas redes sociais e entre os associados da Anprotec, com pontua\u00e7\u00e3o extra para os projetos mais engajados.<\/li>\n\n\n\n<li><strong>Presen\u00e7a no Demoday:<\/strong>\u00a0apresenta\u00e7\u00e3o presencial da defesa da candidatura durante a Confer\u00eancia Anprotec 2026, com banca avaliadora e p\u00fablico.<\/li>\n<\/ul>\n\n\n\n<p>Essas fases garantem uma an\u00e1lise focada na identifica\u00e7\u00e3o de propostas que demonstrem impactos significativos e promovam desenvolvimento socioecon\u00f4mico nas regi\u00f5es em que atuam.&nbsp;<\/p>\n\n\n\n<p><strong>Categorias e trof\u00e9us<\/strong><\/p>\n\n\n\n<p>Os candidatos podem concorrer em uma das cinco categorias, que homenageiam nomes importantes da hist\u00f3ria da Anprotec:<\/p>\n\n\n\n<ul class=\"wp-block-list\">\n<li>Incubadora de Empresas \u2013 Trof\u00e9u Adelino Medeiros |\u00a0Para programas que fortalecem o empreendedorismo inovador por meio da incuba\u00e7\u00e3o, com pr\u00e1ticas relevantes e impacto regional.<\/li>\n\n\n\n<li>Aceleradora \u2013 Trof\u00e9u Lynaldo Cavalcanti |\u00a0Para iniciativas que alavancam startups e empreendimentos por meio de acelera\u00e7\u00e3o estruturada, promovendo a integra\u00e7\u00e3o com mercados e investidores.<\/li>\n\n\n\n<li>Hub de Inova\u00e7\u00e3o \u2013 Trof\u00e9u Cristiano Becker \u00a0|\u00a0Para ambientes que promovem conex\u00f5es estrat\u00e9gicas entre startups, empresas e institui\u00e7\u00f5es, gerando sinergias para o desenvolvimento tecnol\u00f3gico.<\/li>\n\n\n\n<li>Parque Cient\u00edfico e Tecnol\u00f3gico \u2013 Trof\u00e9u Telmo Silva Ara\u00fajo |\u00a0Para parques que fomentam a inova\u00e7\u00e3o e a competitividade, promovendo P&amp;DI e atraindo investimentos com impacto socioecon\u00f4mico.<\/li>\n\n\n\n<li>Neg\u00f3cios de Impacto \u2013 Trof\u00e9u Carlos Eduardo Negr\u00e3o Bizzotto |\u00a0Para empresas incubadas, aceleradas ou residentes em ambientes associados \u00e0 Anprotec, que desenvolvem solu\u00e7\u00f5es alinhadas aos Objetivos de Desenvolvimento Sustent\u00e1vel.<\/li>\n<\/ul>\n\n\n\n<p><strong>Cronograma \u2013 Pr\u00eamio Nacional Anprotec 2026<\/strong><\/p>\n\n\n\n<ul class=\"wp-block-list\">\n<li><strong>Per\u00edodo de submiss\u00e3o:<\/strong>\u00a0at\u00e9 25\/02<\/li>\n\n\n\n<li><strong>Comunicado aos finalistas:<\/strong>\u00a002\/04<\/li>\n\n\n\n<li><strong>Prazo para recursos:\u00a0<\/strong>02\/04 a 06\/04<\/li>\n\n\n\n<li><strong>Comunicado aos finalistas para envio do v\u00eddeo:\u00a0<\/strong>09\/04<\/li>\n\n\n\n<li><strong>Produ\u00e7\u00e3o de v\u00eddeo para divulga\u00e7\u00e3o:\u00a0<\/strong>at\u00e9 24\/04<\/li>\n\n\n\n<li><strong>Vota\u00e7\u00e3o popular:<\/strong>\u00a028\/04 a 08\/05<\/li>\n\n\n\n<li><strong>Apresenta\u00e7\u00e3o no Demoday:\u00a0<\/strong>29\/06 (a partir das 8h)<\/li>\n\n\n\n<li><strong>Divulga\u00e7\u00e3o dos vencedores:\u00a0<\/strong>01\/07<\/li>\n<\/ul>\n\n\n\n<p>O Pr\u00eamio Nacional Anprotec representa o reconhecimento da principal entidade brasileira voltada aos ambientes de inova\u00e7\u00e3o e de uma banca avaliadora composta por especialistas de institui\u00e7\u00f5es estrat\u00e9gicas do setor. Os vencedores de cada categoria recebem, al\u00e9m do trof\u00e9u e do certificado oficial da Anprotec, uma inscri\u00e7\u00e3o gratuita para a Confer\u00eancia Anprotec 2027 e um cr\u00e9dito de R$ 1.000,00 para ser utilizado em atividades da associa\u00e7\u00e3o.<\/p>\n\n\n\n<p><strong>Inscri\u00e7\u00f5es e regulamento<\/strong><\/p>\n\n\n\n<p>As inscri\u00e7\u00f5es est\u00e3o abertas at\u00e9&nbsp;<strong>25 de fevereiro<\/strong>, por meio do formul\u00e1rio eletr\u00f4nico dispon\u00edvel no link abaixo. Para realizar a candidatura, \u00e9 preciso fazer o<strong>&nbsp;cadastro pr\u00e9vio na plataforma Jems<\/strong>&nbsp;da Sociedade Brasileira de Computa\u00e7\u00e3o (SBC). Podem participar apenas institui\u00e7\u00f5es associadas e em dia com suas obriga\u00e7\u00f5es junto \u00e0 Anprotec.<\/p>\n\n\n\n<p>Consulte aqui o&nbsp;<strong><a href=\"https:\/\/anprotec.org.br\/site\/wp-content\/uploads\/2026\/01\/Regulamento-Premio-Nacional-Anprotec-de-Empreendedorismo-Inovador-2026-Final.docx.pdf\">regulamento<\/a>.<\/strong><\/p>\n\n\n\n<p><strong>Inscreva-se:&nbsp;<\/strong><a href=\"https:\/\/jems3.sbc.org.br\/events\/527\">https:\/\/jems3.sbc.org.br\/events\/527<\/a>&nbsp;&nbsp;<\/p>\n\n\n\n<p><strong>D\u00favidas:&nbsp;<\/strong><a href=\"mailto:premio@anprotec.org.br\">premio@anprotec.org.br<\/a><\/p>\n","protected":false},"excerpt":{"rendered":"<p>Est\u00e3o abertas as inscri\u00e7\u00f5es para o Pr\u00eamio Nacional Anprotec de Empreendedorismo Inovador 2026. A premia\u00e7\u00e3o reconhece os melhores programas, pr\u00e1ticas e projetos de incubadoras, aceleradoras, hubs de inova\u00e7\u00e3o, parques cient\u00edficos e tecnol\u00f3gicos e empresas vinculadas a institui\u00e7\u00f5es associadas \u00e0 Anprotec. As inscri\u00e7\u00f5es v\u00e3o at\u00e9 25 de fevereiro. Ap\u00f3s sua retomada com sucesso em 2024, o [&hellip;]<\/p>\n","protected":false},"author":1,"featured_media":89,"comment_status":"open","ping_status":"open","sticky":false,"template":"","format":"standard","meta":{"footnotes":""},"categories":[1],"tags":[],"class_list":["post-88","post","type-post","status-publish","format-standard","has-post-thumbnail","hentry","category-uncategorized"],"_links":{"self":[{"href":"https:\/\/anprotec.org.br\/conferencia2026\/wp-json\/wp\/v2\/posts\/88","targetHints":{"allow":["GET"]}}],"collection":[{"href":"https:\/\/anprotec.org.br\/conferencia2026\/wp-json\/wp\/v2\/posts"}],"about":[{"href":"https:\/\/anprotec.org.br\/conferencia2026\/wp-json\/wp\/v2\/types\/post"}],"author":[{"embeddable":true,"href":"https:\/\/anprotec.org.br\/conferencia2026\/wp-json\/wp\/v2\/users\/1"}],"replies":[{"embeddable":true,"href":"https:\/\/anprotec.org.br\/conferencia2026\/wp-json\/wp\/v2\/comments?post=88"}],"version-history":[{"count":1,"href":"https:\/\/anprotec.org.br\/conferencia2026\/wp-json\/wp\/v2\/posts\/88\/revisions"}],"predecessor-version":[{"id":90,"href":"https:\/\/anprotec.org.br\/conferencia2026\/wp-json\/wp\/v2\/posts\/88\/revisions\/90"}],"wp:featuredmedia":[{"embeddable":true,"href":"https:\/\/anprotec.org.br\/conferencia2026\/wp-json\/wp\/v2\/media\/89"}],"wp:attachment":[{"href":"https:\/\/anprotec.org.br\/conferencia2026\/wp-json\/wp\/v2\/media?parent=88"}],"wp:term":[{"taxonomy":"category","embeddable":true,"href":"https:\/\/anprotec.org.br\/conferencia2026\/wp-json\/wp\/v2\/categories?post=88"},{"taxonomy":"post_tag","embeddable":true,"href":"https:\/\/anprotec.org.br\/conferencia2026\/wp-json\/wp\/v2\/tags?post=88"}],"curies":[{"name":"wp","href":"https:\/\/api.w.org\/{rel}","templated":true}]}}