{"id":783,"date":"2026-04-09T21:26:20","date_gmt":"2026-04-09T21:26:20","guid":{"rendered":"https:\/\/anprotec.org.br\/conferencia2026\/?p=783"},"modified":"2026-04-09T21:26:20","modified_gmt":"2026-04-09T21:26:20","slug":"conheca-novos-palestrantes-para-a-conferencia-2026-com-foco-em-educacao-talentos-e-politicas-de-inovacao","status":"publish","type":"post","link":"https:\/\/anprotec.org.br\/conferencia2026\/conheca-novos-palestrantes-para-a-conferencia-2026-com-foco-em-educacao-talentos-e-politicas-de-inovacao\/","title":{"rendered":"Conhe\u00e7a novos palestrantes para a Confer\u00eancia 2026, com foco em educa\u00e7\u00e3o, talentos e pol\u00edticas de inova\u00e7\u00e3o"},"content":{"rendered":"\n<p>A 36\u00aa Confer\u00eancia Anprotec de Empreendedorismo e Ambientes de Inova\u00e7\u00e3o divulga novos palestrantes que far\u00e3o parte da extensa programa\u00e7\u00e3o do evento. A Confer\u00eancia ser\u00e1 realizada de 29 de junho a 2 de julho, em Manaus (AM). Andr\u00e9 Zogahib, Maur\u00edcio Guedes e Vania Thaumaturgo trar\u00e3o diferentes perspectivas sobre forma\u00e7\u00e3o de talentos, pol\u00edticas p\u00fablicas e articula\u00e7\u00e3o institucional para o fortalecimento da inova\u00e7\u00e3o no Brasil.<\/p>\n\n\n\n<p><strong>Maur\u00edcio Guedes (SEDEICS)<\/strong><\/p>\n\n\n\n<p>Superintendente de Inova\u00e7\u00e3o e Sustentabilidade da Secretaria Estadual de Desenvolvimento Econ\u00f4mico do Rio de Janeiro, Mauricio Guedes possui uma trajet\u00f3ria consolidada na estrutura\u00e7\u00e3o de ambientes de inova\u00e7\u00e3o no Brasil.\u00a0<\/p>\n\n\n\n<p>Foi Diretor de Tecnologia da Funda\u00e7\u00e3o de Amparo \u00e0 Pesquisa do Estado do Rio de Janeiro (FAPERJ), como tamb\u00e9m \u00e9 fundador do Parque Tecnol\u00f3gico da UFRJ e da Incubadora de Empresas da Coppe, iniciativas pioneiras no fortalecimento da inova\u00e7\u00e3o e do empreendedorismo tecnol\u00f3gico no pa\u00eds. Al\u00e9m disso, presidiu a Anprotec e a IASP, atuando na articula\u00e7\u00e3o nacional e internacional de ecossistemas de inova\u00e7\u00e3o.&nbsp;<\/p>\n\n\n\n<p>Na Confer\u00eancia, participar\u00e1 do <strong>Painel Tem\u00e1tico 1: Financiamento, investimentos e novos modelos de apoio \u00e0 inova\u00e7\u00e3o e de apoio \u00e0 nova economia<\/strong>, no dia <strong>30 de junho, \u00e0s 14h, <\/strong>compartilhando sua experi\u00eancia no desenvolvimento de pol\u00edticas e mecanismos de financiamento para inova\u00e7\u00e3o.<\/p>\n\n\n\n<p><strong>Vania Thaumaturgo (Bertha Capital)<\/strong><\/p>\n\n\n\n<p>Head de Rela\u00e7\u00f5es Institucionais da Bertha Capital, Vanis Thaumaturgo \u00e9 gestora de venture capital especializada em fintechs e solu\u00e7\u00f5es financeiras inovadoras.Ela atua na conex\u00e3o entre investimento, inova\u00e7\u00e3o e desenvolvimento de neg\u00f3cios, como tamb\u00e9m preside o Conselho de Administra\u00e7\u00e3o do Polo Digital de Manaus.<\/p>\n\n\n\n<p>Cofundadora da Trinnovare Consultoria e do Instituto Amaz\u00f4nia Inteligente, possui ampla experi\u00eancia em gest\u00e3o nos setores de telecomunica\u00e7\u00f5es, automotivo e em ambientes de pesquisa, desenvolvimento e inova\u00e7\u00e3o.<\/p>\n\n\n\n<p>Na Confer\u00eancia, participar\u00e1 do <strong>Painel Speaker Anprotec 02 \u2013 Artigos T\u00e9cnicos, no dia 29 de junho, \u00e0s 08h30,<\/strong> contribuindo com sua experi\u00eancia na articula\u00e7\u00e3o entre investimento, inova\u00e7\u00e3o e desenvolvimento de ecossistemas.<\/p>\n\n\n\n<p><strong>Andr\u00e9 Luiz Nunes Zogahib ( UEA)<\/strong><\/p>\n\n\n\n<p>Reitor da Universidade do Estado do Amazonas (UEA), Andr\u00e9 Luiz Nunes Zogahib \u00e9 graduado em Administra\u00e7\u00e3o de Empresas, Administra\u00e7\u00e3o P\u00fablica e Direito, com especializa\u00e7\u00e3o, mestrado e doutorado em Administra\u00e7\u00e3o P\u00fablica. Professor do quadro efetivo da UEA, possui ampla trajet\u00f3ria acad\u00eamica e de gest\u00e3o, tendo atuado como coordenador de cursos de gradua\u00e7\u00e3o, especializa\u00e7\u00e3o e mestrado, al\u00e9m de ocupar cargos como Pr\u00f3-Reitor de Planejamento e Pr\u00f3-Reitor de Extens\u00e3o e Assuntos Comunit\u00e1rios.<\/p>\n\n\n\n<p>Participou da elabora\u00e7\u00e3o e implementa\u00e7\u00e3o do Plano de Cargos, Carreiras e Remunera\u00e7\u00e3o (PCCR) da universidade e teve papel relevante na reestrutura\u00e7\u00e3o organizacional da institui\u00e7\u00e3o.\u00a0<\/p>\n\n\n\n<p>Na Confer\u00eancia Anprotec 2026, participar\u00e1 do<strong> Painel Tem\u00e1tico 3<\/strong>: <strong>Talentos, educa\u00e7\u00e3o empreendedora e forma\u00e7\u00e3o para inova\u00e7\u00e3o,<\/strong> no dia<strong> 01 de julho, \u00e0s 08h30<\/strong>, trazendo sua experi\u00eancia em gest\u00e3o acad\u00eamica e forma\u00e7\u00e3o de capital humano para inova\u00e7\u00e3o.<\/p>\n\n\n\n<p><strong>Sobre a Confer\u00eancia Anprotec 2026<\/strong><\/p>\n\n\n\n<p>A 36\u00aa Confer\u00eancia Anprotec de Empreendedorismo e Ambientes de Inova\u00e7\u00e3o ser\u00e1 realizada de 29 de junho a 2 de julho de 2026, em Manaus (AM), sob o tema Consolidando Ecossistemas: Empreendedorismo Inovador para a Economia do Futuro.&nbsp;<\/p>\n\n\n\n<p>O evento reunir\u00e1 gestores de incubadoras, parques tecnol\u00f3gicos, aceleradoras e hubs de inova\u00e7\u00e3o, al\u00e9m de representantes de universidades, empresas e governos, para discutir agendas estrat\u00e9gicas relacionadas ao desenvolvimento regional, bioeconomia, tecnologias emergentes, internacionaliza\u00e7\u00e3o e forma\u00e7\u00e3o de capital humano.<\/p>\n\n\n\n<p>A confer\u00eancia \u00e9 realizada pela Anprotec, em parceria com o Sebrae, e tem como organizadores locais a Funda\u00e7\u00e3o Paulo Feitoza e a Universidade do Estado do Amazonas.<\/p>\n","protected":false},"excerpt":{"rendered":"<p>A 36\u00aa Confer\u00eancia Anprotec de Empreendedorismo e Ambientes de Inova\u00e7\u00e3o divulga novos palestrantes que far\u00e3o parte da extensa programa\u00e7\u00e3o do evento. A Confer\u00eancia ser\u00e1 realizada de 29 de junho a 2 de julho, em Manaus (AM). Andr\u00e9 Zogahib, Maur\u00edcio Guedes e Vania Thaumaturgo trar\u00e3o diferentes perspectivas sobre forma\u00e7\u00e3o de talentos, pol\u00edticas p\u00fablicas e articula\u00e7\u00e3o institucional [&hellip;]<\/p>\n","protected":false},"author":2,"featured_media":785,"comment_status":"open","ping_status":"open","sticky":false,"template":"","format":"standard","meta":{"footnotes":""},"categories":[1],"tags":[],"class_list":["post-783","post","type-post","status-publish","format-standard","has-post-thumbnail","hentry","category-uncategorized"],"_links":{"self":[{"href":"https:\/\/anprotec.org.br\/conferencia2026\/wp-json\/wp\/v2\/posts\/783","targetHints":{"allow":["GET"]}}],"collection":[{"href":"https:\/\/anprotec.org.br\/conferencia2026\/wp-json\/wp\/v2\/posts"}],"about":[{"href":"https:\/\/anprotec.org.br\/conferencia2026\/wp-json\/wp\/v2\/types\/post"}],"author":[{"embeddable":true,"href":"https:\/\/anprotec.org.br\/conferencia2026\/wp-json\/wp\/v2\/users\/2"}],"replies":[{"embeddable":true,"href":"https:\/\/anprotec.org.br\/conferencia2026\/wp-json\/wp\/v2\/comments?post=783"}],"version-history":[{"count":1,"href":"https:\/\/anprotec.org.br\/conferencia2026\/wp-json\/wp\/v2\/posts\/783\/revisions"}],"predecessor-version":[{"id":786,"href":"https:\/\/anprotec.org.br\/conferencia2026\/wp-json\/wp\/v2\/posts\/783\/revisions\/786"}],"wp:featuredmedia":[{"embeddable":true,"href":"https:\/\/anprotec.org.br\/conferencia2026\/wp-json\/wp\/v2\/media\/785"}],"wp:attachment":[{"href":"https:\/\/anprotec.org.br\/conferencia2026\/wp-json\/wp\/v2\/media?parent=783"}],"wp:term":[{"taxonomy":"category","embeddable":true,"href":"https:\/\/anprotec.org.br\/conferencia2026\/wp-json\/wp\/v2\/categories?post=783"},{"taxonomy":"post_tag","embeddable":true,"href":"https:\/\/anprotec.org.br\/conferencia2026\/wp-json\/wp\/v2\/tags?post=783"}],"curies":[{"name":"wp","href":"https:\/\/api.w.org\/{rel}","templated":true}]}}