{"id":77,"date":"2025-11-12T19:08:57","date_gmt":"2025-11-12T19:08:57","guid":{"rendered":"https:\/\/projetos.lacom.ag\/conferencia2026\/?p=77"},"modified":"2026-02-05T16:03:55","modified_gmt":"2026-02-05T16:03:55","slug":"anprotec-anuncia-tema-da-36a-conferencia-consolidando-ecossistemas-empreendedorismo-inovador-para-a-economia-do-futuro","status":"publish","type":"post","link":"https:\/\/anprotec.org.br\/conferencia2026\/anprotec-anuncia-tema-da-36a-conferencia-consolidando-ecossistemas-empreendedorismo-inovador-para-a-economia-do-futuro\/","title":{"rendered":"Anprotec anuncia tema da 36\u00aa Confer\u00eancia: \u201cConsolidando Ecossistemas: Empreendedorismo Inovador para a Economia do Futuro\u201d"},"content":{"rendered":"\n<p>Escolhido por vota\u00e7\u00e3o dos associados, tema nortear\u00e1 programa\u00e7\u00e3o do evento que acontece de 29 de junho a 2 de julho de 2026, em Manaus (AM)<\/p>\n\n\n\n<p>A Anprotec anuncia o tema oficial da 36\u00aa Confer\u00eancia Anprotec: \u201cConsolidando Ecossistemas: Empreendedorismo Inovador para a Economia do Futuro\u201d. A defini\u00e7\u00e3o aconteceu por meio de vota\u00e7\u00e3o realizada entre 29 de outubro e 6 de novembro de 2025, que contou com a participa\u00e7\u00e3o de quase 300 associados e parceiros do ecossistema de inova\u00e7\u00e3o brasileiro. O tema escolhido recebeu 51,5% dos votos.<\/p>\n\n\n\n<p>O tema vencedor prop\u00f5e a inova\u00e7\u00e3o e o empreendedorismo como for\u00e7as centrais para consolidar e fortalecer ecossistemas em todo o pa\u00eds, estimulando conex\u00f5es entre ci\u00eancia, mercado e sociedade. A proposta reflete a vis\u00e3o da Anprotec de que o empreendedorismo inovador \u00e9 o caminho para impulsionar a competitividade, a sustentabilidade e a transforma\u00e7\u00e3o econ\u00f4mica rumo \u00e0 economia do futuro \u2014 pautada pela bioeconomia, economia circular, transi\u00e7\u00e3o energ\u00e9tica e tecnologias disruptivas.<\/p>\n\n\n\n<p>A escolha de Manaus como sede da confer\u00eancia simboliza o fortalecimento e a integra\u00e7\u00e3o dos ecossistemas de inova\u00e7\u00e3o da Regi\u00e3o Norte. Mais do que destacar um estado, a proposta \u00e9 evidenciar a pot\u00eancia de uma regi\u00e3o estrat\u00e9gica para o futuro do planeta, que une biodiversidade, conhecimento tradicional e tecnologia de ponta em um mesmo territ\u00f3rio.<\/p>\n\n\n\n<p><strong>Processo colaborativo de constru\u00e7\u00e3o<\/strong><\/p>\n\n\n\n<p>A vota\u00e7\u00e3o entre tr\u00eas propostas tem\u00e1ticas representou um momento de constru\u00e7\u00e3o coletiva da confer\u00eancia, envolvendo os associados na defini\u00e7\u00e3o dos rumos do evento. As outras duas op\u00e7\u00f5es apresentadas foram \u201cConectar para Inovar: Amaz\u00f4nia e os Caminhos de um Brasil Sustent\u00e1vel\u201d e \u201cInova\u00e7\u00e3o da Floresta: Descarboniza\u00e7\u00e3o, Bio e Nanotecnologia na Ind\u00fastria, Transi\u00e7\u00e3o Energ\u00e9tica, Bioeconomia e Seguran\u00e7a Alimentar para um Brasil Regenerativo\u201d.<\/p>\n\n\n\n<p>Com o tema definido, a Anprotec avan\u00e7a na estrutura\u00e7\u00e3o da programa\u00e7\u00e3o do evento, que reunir\u00e1 gestores de ambientes de inova\u00e7\u00e3o, empreendedores, pesquisadores, investidores e formuladores de pol\u00edticas p\u00fablicas de todo o pa\u00eds. Os pr\u00f3ximos passos incluem o lan\u00e7amento da Chamada de Trabalhos acad\u00eamicos, a curadoria de palestrantes e painelistas, a defini\u00e7\u00e3o das trilhas tem\u00e1ticas e o desenvolvimento da identidade visual da confer\u00eancia.Tentar novamente<\/p>\n\n\n\n<p>\u201cA escolha do tema pela comunidade Anprotec demonstra a maturidade e o comprometimento do nosso ecossistema com os desafios da inova\u00e7\u00e3o no Brasil. \u2018Consolidando Ecossistemas\u2019 n\u00e3o \u00e9 apenas um tema, \u00e9 uma agenda de trabalho que reconhece que j\u00e1 avan\u00e7amos muito na constru\u00e7\u00e3o de ambientes de inova\u00e7\u00e3o pelo pa\u00eds, e agora precisamos fortalec\u00ea-los, integr\u00e1-los e torn\u00e1-los cada vez mais efetivos na gera\u00e7\u00e3o de impacto econ\u00f4mico e social. Realizar essa discuss\u00e3o em Manaus, com o olhar voltado para a Regi\u00e3o Norte, significa reconhecer que a economia do futuro se constr\u00f3i a partir da diversidade territorial e da capacidade de cada regi\u00e3o em transformar seus ativos \u00fanicos \u2014 seja biodiversidade, conhecimento tradicional ou base tecnol\u00f3gica \u2014 em vantagens competitivas sustent\u00e1veis. A confer\u00eancia ser\u00e1 uma oportunidade \u00fanica para mapear, conectar e fortalecer os atores que est\u00e3o construindo esse futuro em todas as regi\u00f5es do Brasil.\u201d, comentou Deolinda Garcia, diretora t\u00e9cnica da Anprotec e coordenadora do evento.&nbsp;<\/p>\n\n\n\n<p>A 36\u00aa Confer\u00eancia Anprotec marca o retorno do evento \u00e0 Regi\u00e3o Norte ap\u00f3s mais de uma d\u00e9cada \u2014 a \u00faltima edi\u00e7\u00e3o na regi\u00e3o foi realizada em Bel\u00e9m, em 2014. A exemplo do movimento articulador realizado pelo Paran\u00e1 em 2025, o Norte brasileiro vive um momento de converg\u00eancia entre universidades, governos, empresas e institui\u00e7\u00f5es de fomento, dando origem a novas pol\u00edticas, programas e iniciativas de inova\u00e7\u00e3o.<\/p>\n\n\n\n<p>A Confer\u00eancia ser\u00e1 um marco para consolidar essa rede de atores, fortalecer a governan\u00e7a regional e integrar o Norte ao debate nacional e global sobre a economia do futuro. O processo preparat\u00f3rio do evento j\u00e1 mobiliza atores dos ecossistemas de inova\u00e7\u00e3o da regi\u00e3o, identificando iniciativas, fortalecendo articula\u00e7\u00f5es e mapeando oportunidades de colabora\u00e7\u00e3o.<\/p>\n\n\n\n<p><strong>Sobre a 36\u00aa Confer\u00eancia Anprotec<\/strong><\/p>\n\n\n\n<p>A 36\u00aa Confer\u00eancia Anprotec acontecer\u00e1 de 29 de junho a 2 de julho de 2026, em Manaus (AM), promovida pela Associa\u00e7\u00e3o Nacional de Entidades Promotoras de Empreendimentos Inovadores (Anprotec) em parceria com a Universidade Estadual do Amazonas e a Funda\u00e7\u00e3o Paulo Feitosa Tech. O evento \u00e9 o principal encontro nacional de gestores de ambientes de inova\u00e7\u00e3o, reunindo anualmente centenas de profissionais para debater pol\u00edticas, pr\u00e1ticas e tend\u00eancias do setor.<\/p>\n","protected":false},"excerpt":{"rendered":"<p>Escolhido por vota\u00e7\u00e3o dos associados, tema nortear\u00e1 programa\u00e7\u00e3o do evento que acontece de 29 de junho a 2 de julho de 2026, em Manaus (AM) A Anprotec anuncia o tema oficial da 36\u00aa Confer\u00eancia Anprotec: \u201cConsolidando Ecossistemas: Empreendedorismo Inovador para a Economia do Futuro\u201d. A defini\u00e7\u00e3o aconteceu por meio de vota\u00e7\u00e3o realizada entre 29 de [&hellip;]<\/p>\n","protected":false},"author":1,"featured_media":78,"comment_status":"open","ping_status":"open","sticky":false,"template":"","format":"standard","meta":{"footnotes":""},"categories":[1],"tags":[],"class_list":["post-77","post","type-post","status-publish","format-standard","has-post-thumbnail","hentry","category-uncategorized"],"_links":{"self":[{"href":"https:\/\/anprotec.org.br\/conferencia2026\/wp-json\/wp\/v2\/posts\/77","targetHints":{"allow":["GET"]}}],"collection":[{"href":"https:\/\/anprotec.org.br\/conferencia2026\/wp-json\/wp\/v2\/posts"}],"about":[{"href":"https:\/\/anprotec.org.br\/conferencia2026\/wp-json\/wp\/v2\/types\/post"}],"author":[{"embeddable":true,"href":"https:\/\/anprotec.org.br\/conferencia2026\/wp-json\/wp\/v2\/users\/1"}],"replies":[{"embeddable":true,"href":"https:\/\/anprotec.org.br\/conferencia2026\/wp-json\/wp\/v2\/comments?post=77"}],"version-history":[{"count":2,"href":"https:\/\/anprotec.org.br\/conferencia2026\/wp-json\/wp\/v2\/posts\/77\/revisions"}],"predecessor-version":[{"id":82,"href":"https:\/\/anprotec.org.br\/conferencia2026\/wp-json\/wp\/v2\/posts\/77\/revisions\/82"}],"wp:featuredmedia":[{"embeddable":true,"href":"https:\/\/anprotec.org.br\/conferencia2026\/wp-json\/wp\/v2\/media\/78"}],"wp:attachment":[{"href":"https:\/\/anprotec.org.br\/conferencia2026\/wp-json\/wp\/v2\/media?parent=77"}],"wp:term":[{"taxonomy":"category","embeddable":true,"href":"https:\/\/anprotec.org.br\/conferencia2026\/wp-json\/wp\/v2\/categories?post=77"},{"taxonomy":"post_tag","embeddable":true,"href":"https:\/\/anprotec.org.br\/conferencia2026\/wp-json\/wp\/v2\/tags?post=77"}],"curies":[{"name":"wp","href":"https:\/\/api.w.org\/{rel}","templated":true}]}}