{"id":753,"date":"2026-04-08T16:48:26","date_gmt":"2026-04-08T16:48:26","guid":{"rendered":"https:\/\/anprotec.org.br\/conferencia2026\/?p=753"},"modified":"2026-04-08T16:48:26","modified_gmt":"2026-04-08T16:48:26","slug":"anprotec-anuncia-novos-palestrantes-para-a-conferencia-2026-para-fortalecer-o-debate-sobre-ecossistemas-de-inovacao","status":"publish","type":"post","link":"https:\/\/anprotec.org.br\/conferencia2026\/anprotec-anuncia-novos-palestrantes-para-a-conferencia-2026-para-fortalecer-o-debate-sobre-ecossistemas-de-inovacao\/","title":{"rendered":"Anprotec anuncia novos palestrantes para a Confer\u00eancia 2026 para fortalecer o debate sobre ecossistemas de inova\u00e7\u00e3o"},"content":{"rendered":"\n<p>A 36\u00aa Confer\u00eancia Anprotec de Empreendedorismo e Ambientes de Inova\u00e7\u00e3o divulga novos palestrantes que far\u00e3o parte da extensa programa\u00e7\u00e3o do evento. A Confer\u00eancia ser\u00e1 realizada de 29 de junho a 2 de julho, em Manaus (AM). Samara Castro, Lisandro Granville e Silvio Bitencourt trar\u00e3o diferentes perspectivas sobre o fortalecimento de ecossistemas de inova\u00e7\u00e3o, conectando ci\u00eancia, gest\u00e3o e desenvolvimento territorial.<\/p>\n\n\n\n<p><strong>Samara Castro (Presidente da RAMI &#8211; Amazonas)<\/strong><strong><br><\/strong>Administradora e bacharel em Direito, \u00e9 presidente da Rede de Inova\u00e7\u00e3o e Empreendedorismo da Amaz\u00f4nia (RAMI). Samara Castro \u00e9 doutora em Turismo e Hospitalidade pela Universidade de Caxias do Sul (UCS) e mestre em Engenharia de Produ\u00e7\u00e3o pela Universidade Federal da Amaz\u00f4nia (UFAM). Al\u00e9m disso, realizou&nbsp; MBAs em Gest\u00e3o de Organiza\u00e7\u00f5es, Opera\u00e7\u00f5es e Servi\u00e7os (UFAM) e em Pesquisa, Desenvolvimento e Inova\u00e7\u00e3o (UEA).&nbsp;<\/p>\n\n\n\n<p>Professora h\u00e1 mais de 20 anos, atua na Faculdade de Tecnologia Senac Amazonas, com forte atua\u00e7\u00e3o em ensino, pesquisa e extens\u00e3o. Tem experi\u00eancia como mentora em diversos programas nacionais de empreendedorismo e inova\u00e7\u00e3o, contribuindo diretamente para o desenvolvimento de neg\u00f3cios inovadores.&nbsp;<\/p>\n\n\n\n<p>Em 2024, foi reconhecida nacionalmente pelo Senac Brasil por suas pr\u00e1ticas docentes com uso de tecnologias digitais e, em 2025, recebeu o Pr\u00eamio Jaraqui Gra\u00fado na categoria Hero\u00edna do Ecossistema.<\/p>\n\n\n\n<p><br>Na Confer\u00eancia Anprotec 2026, participar\u00e1 do <strong>\u201cPainel Speaker Anprotec 03 \u2013 Artigos T\u00e9cnicos\u201d<\/strong>, no dia 29 de junho \u00e0s 08h30 . Samara compartilhar\u00e1 sua experi\u00eancia como mentora de neg\u00f3cios em programas de empreendedorismo que promovem o ecossistema de inova\u00e7\u00e3o.<\/p>\n\n\n\n<p><strong>Lisandro Granville (Diretor-Geral da RNP e Professor Titular da UFRGS)<\/strong><\/p>\n\n\n\n<p>Lisandro Zambenedetti Granville \u00e9 diretor-geral da Rede Nacional de Ensino e Pesquisa (RNP). \u00c9 doutor (2001) e mestre (1998) em Ci\u00eancia da Computa\u00e7\u00e3o pela Universidade Federal do Rio Grande do Sul (UFRGS), onde tamb\u00e9m atua como professor titular. Realizou p\u00f3s-doutorado em Ger\u00eancia de Redes pela Universidade de Twente, na Holanda.<\/p>\n\n\n\n<p>Integra, pela Comunidade Cient\u00edfica e Tecnol\u00f3gica, o Comit\u00ea Gestor da Internet no Brasil (CGI.br) e tamb\u00e9m \u00e9 membro do Comit\u00ea da \u00c1rea de Tecnologia da Informa\u00e7\u00e3o (CATI) do Minist\u00e9rio da Ci\u00eancia, Tecnologia e Inova\u00e7\u00e3o.<\/p>\n\n\n\n<p>Na Confer\u00eancia Anprotec 2026, participar\u00e1 do Workshop 1: \u201cEmpreendedorismo Deep Tech: Da P\u00f3s-Gradua\u00e7\u00e3o ao Mercado\u201d, no dia 30 de junho, \u00e0s 14h. Lisandro ir\u00e1 compartilhar como sua experi\u00eancia acad\u00eamica se aplica ao mercado de inova\u00e7\u00e3o.<\/p>\n\n\n\n<p><strong>Silvio Bitencourt (Diretor do Tecnosinos e especialista em governan\u00e7a de ecossistemas)<\/strong><\/p>\n\n\n\n<p><strong><br><\/strong>\u00c9 diretor do Tecnosinos \u2013 Parque Tecnol\u00f3gico S\u00e3o Leopoldo, onde lidera estrat\u00e9gias institucionais e a governan\u00e7a multistakeholder do ecossistema. Na UNISINOS, atua na coordena\u00e7\u00e3o do N\u00facleo de Inova\u00e7\u00e3o Tecnol\u00f3gica (NIT), com foco em transfer\u00eancia de tecnologia, propriedade intelectual e contratos universidade-empresa, al\u00e9m de atuar na capta\u00e7\u00e3o de recursos para projetos de inova\u00e7\u00e3o.&nbsp;<\/p>\n\n\n\n<p>Tamb\u00e9m \u00e9 professor do Mestrado Profissional em Direito da Empresa e dos Neg\u00f3cios, conectando sua atua\u00e7\u00e3o executiva \u00e0 produ\u00e7\u00e3o acad\u00eamica. Seus principais temas de atua\u00e7\u00e3o envolvem inova\u00e7\u00e3o aberta, gest\u00e3o da inova\u00e7\u00e3o tecnol\u00f3gica e social e pol\u00edticas p\u00fablicas para inova\u00e7\u00e3o e empreendedorismo.<\/p>\n\n\n\n<p><br>Na Confer\u00eancia, participar\u00e1 do <strong>Painel Speaker Anprotec 04 \u2013 Artigos T\u00e9cnicos<\/strong>, no dia 29 de junho \u00e0s 08h30, agregando ao painel sua experi\u00eancia em governan\u00e7a de ecossistemas de inova\u00e7\u00e3o e articula\u00e7\u00e3o entre universidade, empresas e governo.<\/p>\n\n\n\n<p><strong>Sobre a Confer\u00eancia Anprotec 2026<\/strong><\/p>\n\n\n\n<p>A 36\u00aa Confer\u00eancia Anprotec de Empreendedorismo e Ambientes de Inova\u00e7\u00e3o ser\u00e1 realizada de 29 de junho a 2 de julho de 2026, em Manaus (AM), sob o tema Consolidando Ecossistemas: Empreendedorismo Inovador para a Economia do Futuro.&nbsp;<\/p>\n\n\n\n<p>O evento reunir\u00e1 gestores de incubadoras, parques tecnol\u00f3gicos, aceleradoras e hubs de inova\u00e7\u00e3o, al\u00e9m de representantes de universidades, empresas e governos, para discutir agendas estrat\u00e9gicas relacionadas ao desenvolvimento regional, bioeconomia, tecnologias emergentes, internacionaliza\u00e7\u00e3o e forma\u00e7\u00e3o de capital humano.<\/p>\n\n\n\n<p>A confer\u00eancia \u00e9 realizada pela Anprotec, em parceria com o Sebrae, e tem como organizadores locais a Funda\u00e7\u00e3o Paulo Feitoza e a Universidade do Estado do Amazonas.<\/p>\n","protected":false},"excerpt":{"rendered":"<p>A 36\u00aa Confer\u00eancia Anprotec de Empreendedorismo e Ambientes de Inova\u00e7\u00e3o divulga novos palestrantes que far\u00e3o parte da extensa programa\u00e7\u00e3o do evento. A Confer\u00eancia ser\u00e1 realizada de 29 de junho a 2 de julho, em Manaus (AM). Samara Castro, Lisandro Granville e Silvio Bitencourt trar\u00e3o diferentes perspectivas sobre o fortalecimento de ecossistemas de inova\u00e7\u00e3o, conectando ci\u00eancia, [&hellip;]<\/p>\n","protected":false},"author":2,"featured_media":754,"comment_status":"open","ping_status":"open","sticky":false,"template":"","format":"standard","meta":{"footnotes":""},"categories":[1],"tags":[],"class_list":["post-753","post","type-post","status-publish","format-standard","has-post-thumbnail","hentry","category-uncategorized"],"_links":{"self":[{"href":"https:\/\/anprotec.org.br\/conferencia2026\/wp-json\/wp\/v2\/posts\/753","targetHints":{"allow":["GET"]}}],"collection":[{"href":"https:\/\/anprotec.org.br\/conferencia2026\/wp-json\/wp\/v2\/posts"}],"about":[{"href":"https:\/\/anprotec.org.br\/conferencia2026\/wp-json\/wp\/v2\/types\/post"}],"author":[{"embeddable":true,"href":"https:\/\/anprotec.org.br\/conferencia2026\/wp-json\/wp\/v2\/users\/2"}],"replies":[{"embeddable":true,"href":"https:\/\/anprotec.org.br\/conferencia2026\/wp-json\/wp\/v2\/comments?post=753"}],"version-history":[{"count":1,"href":"https:\/\/anprotec.org.br\/conferencia2026\/wp-json\/wp\/v2\/posts\/753\/revisions"}],"predecessor-version":[{"id":755,"href":"https:\/\/anprotec.org.br\/conferencia2026\/wp-json\/wp\/v2\/posts\/753\/revisions\/755"}],"wp:featuredmedia":[{"embeddable":true,"href":"https:\/\/anprotec.org.br\/conferencia2026\/wp-json\/wp\/v2\/media\/754"}],"wp:attachment":[{"href":"https:\/\/anprotec.org.br\/conferencia2026\/wp-json\/wp\/v2\/media?parent=753"}],"wp:term":[{"taxonomy":"category","embeddable":true,"href":"https:\/\/anprotec.org.br\/conferencia2026\/wp-json\/wp\/v2\/categories?post=753"},{"taxonomy":"post_tag","embeddable":true,"href":"https:\/\/anprotec.org.br\/conferencia2026\/wp-json\/wp\/v2\/tags?post=753"}],"curies":[{"name":"wp","href":"https:\/\/api.w.org\/{rel}","templated":true}]}}