{"id":748,"date":"2026-04-08T16:45:22","date_gmt":"2026-04-08T16:45:22","guid":{"rendered":"https:\/\/anprotec.org.br\/conferencia2026\/?p=748"},"modified":"2026-04-08T16:45:39","modified_gmt":"2026-04-08T16:45:39","slug":"anprotec-anuncia-novos-palestrantes-para-a-conferencia-2026-com-foco-em-investimento-e-bioeconomia","status":"publish","type":"post","link":"https:\/\/anprotec.org.br\/conferencia2026\/anprotec-anuncia-novos-palestrantes-para-a-conferencia-2026-com-foco-em-investimento-e-bioeconomia\/","title":{"rendered":"Anprotec anuncia novos palestrantes para a Confer\u00eancia 2026 com foco em investimento e bioeconomia"},"content":{"rendered":"\n<p>A 36\u00aa Confer\u00eancia Anprotec de Empreendedorismo e Ambientes de Inova\u00e7\u00e3o continua a revelar sua programa\u00e7\u00e3o com a confirma\u00e7\u00e3o de tr\u00eas palestrantes para o evento, que ser\u00e1 realizado de 29 de junho a 2 de julho, em Manaus (AM). Clovis Benoni Meurer, Fernanda Bombardi e Fredson Encarna\u00e7\u00e3o participar\u00e3o de atividades voltadas aos temas de financiamento, investimentos e bioeconomia, com discuss\u00f5es sobre instrumentos de apoio \u00e0 inova\u00e7\u00e3o e estrat\u00e9gias para tornar neg\u00f3cios inovadores mais sustent\u00e1veis.<\/p>\n\n\n\n<p><strong>Clovis Benoni Meurer \u2013 Venture Capital e ABVCAP<\/strong><\/p>\n\n\n\n<p>Graduado pela Pontif\u00edcia Universidade Cat\u00f3lica do RS em Ci\u00eancias Econ\u00f4micas e em Administra\u00e7\u00e3o de Empresas, Clovis Benoni Meurer \u00e9 diretor superintendente e s\u00f3cio-fundador da Companhia de Participa\u00e7\u00f5es (CRP). Em sua trajet\u00f3ria, contribuiu com empreendimentos inovadores ao integrar conselhos em v\u00e1rias empresas, associa\u00e7\u00f5es e \u00f3rg\u00e3os regionais e federais, como o Conselho Regional de Economia \u2013 Regi\u00e3o Sul (CORECONrs) e o Conselho Federal de Economia (COFECON).<\/p>\n\n\n\n<p>Clovis tamb\u00e9m \u00e9 fundador e membro do Conselho Consultivo da Associa\u00e7\u00e3o Brasileira de Private Equity e Venture Capital (ABVCAP) desde 2000. \u00c9 especialista&nbsp; em Private Equity\/Venture Capital, tendo apresentado cursos, eventos e semin\u00e1rios no Brasil e no exterior.<\/p>\n\n\n\n<p>Na Confer\u00eancia Anprotec 2026, participar\u00e1 do \u201c<strong>Painel Tem\u00e1tico 1 \u2013 Financiamento, investimentos e novos modelos de apoio \u00e0 inova\u00e7\u00e3o e de apoio \u00e0 nova economia&#8221;, no dia 30 de junho, \u00e0s 14h. <\/strong>Clovis contribuir\u00e1 com o debate sobre fundos, capital de risco, fomento p\u00fablico-privado e instrumentos financeiros.<\/p>\n\n\n\n<p><strong>Fernanda Bombardi&nbsp; \u2013 Instituto de Cidadania Empresarial<\/strong><\/p>\n\n\n\n<p>Com MBA em Gest\u00e3o de Neg\u00f3cios Socioambientais pela Universidade de S\u00e3o Paulo (USP), Fernanda Bombardi \u00e9 diretora de Programas do Instituto de Cidadania Empresarial (ICE). Com atua\u00e7\u00e3o no empreendedorismo de impacto socioambiental no Brasil desde 2012, construiu sua trajet\u00f3ria promovendo projetos de desenvolvimento comunit\u00e1rio e atuando como membro do Conselho do Projeto Casulo.&nbsp;<\/p>\n\n\n\n<p>Fernanda tamb\u00e9m integra o programa do MIT D-Lab Innovation Ecosystem Builder Fellowship e \u00e9 conselheira consultiva da iniciativa Grande Reserva Mata Atl\u00e2ntica. Ao longo de sua carreira, tem contribu\u00eddo para a \u00e1rea de investimentos em neg\u00f3cios de impacto por meio da implementa\u00e7\u00e3o de iniciativas que fortalecem a atua\u00e7\u00e3o de incubadoras e aceleradoras nas cinco regi\u00f5es do Brasil.<\/p>\n\n\n\n<p>Fernanda ser\u00e1 a mediadora do \u201c<strong>Workshop 3 \u2013 Bioeconomia em A\u00e7\u00e3o: Transformando Ativos da Biodiversidade em Neg\u00f3cios Inovadores e Sustent\u00e1veis x Bioeconomia em outras regi\u00f5es do Brasil\u201d, no dia 1\u00ba de julho, \u00e0s 14h<\/strong>, abordando como ambientes de inova\u00e7\u00e3o podem construir propostas em bioeconomia a partir de ativos, desafios e oportunidades do territ\u00f3rio, analisando experi\u00eancias na \u00e1rea desenvolvidas em diferentes regi\u00f5es do Brasil.<\/p>\n\n\n\n<p><strong>Fredson Encarna\u00e7\u00e3o \u2013 Instituto FabriQ (Amazonas)<\/strong><\/p>\n\n\n\n<p>Empreendedor, investidor-anjo e especialista em gest\u00e3o de projetos, Fredson Encarna\u00e7\u00e3o \u00e9 diretor de Inova\u00e7\u00e3o do Instituto FabriQ de PD&amp;I e s\u00f3cio ostensivo da FabriQ Ventures, grupo de investimento-anjo amazonense. Ao longo de mais de 20 anos de atua\u00e7\u00e3o no campo empresarial, participou de projetos de transforma\u00e7\u00e3o digital no setor p\u00fablico e privado, trabalhando com ind\u00fastrias, governo, universidades e empreendedores.<\/p>\n\n\n\n<p>Fredson tamb\u00e9m \u00e9 conselheiro da Associa\u00e7\u00e3o do Polo Digital de Manaus (APDM) e docente no Programa de P\u00f3s-Gradua\u00e7\u00e3o em Propriedade Intelectual e Transfer\u00eancia de Tecnologia para Inova\u00e7\u00e3o (PROFNIT) da Universidade Federal do Amazonas (UFAM). Em seu portf\u00f3lio, constam projetos realizados em organiza\u00e7\u00f5es como Avell, BIC, Elgin, FIEAM, Flex, Grupo Sim\u00f5es, Minist\u00e9rio de Ci\u00eancia e Tecnologia (MCTI), Petrobras, Samsung, Sony, SUFRAMA, Universidade Estadual do Amazonas (UEA) e UFAM.&nbsp;<\/p>\n\n\n\n<p>Na Confer\u00eancia Anprotec 2026, participar\u00e1 do <strong>\u201cPainel Tem\u00e1tico 1 \u2013 Financiamento, investimentos e novos modelos de apoio \u00e0 inova\u00e7\u00e3o e de apoio \u00e0 nova economia\u201d, no dia 30 de junho, \u00e0s 14h. <\/strong>Fredson contribuir\u00e1 com o debate sobre fundos, capital de risco, fomento p\u00fablico-privado e instrumentos financeiros.<\/p>\n\n\n\n<p><strong>Sobre a Confer\u00eancia Anprotec 2026<\/strong><\/p>\n\n\n\n<p>A <strong>36\u00aa Confer\u00eancia Anprotec de Empreendedorismo e Ambientes de Inova\u00e7\u00e3o<\/strong> ser\u00e1 realizada de <strong>29 de junho a 2 de julho<\/strong>,<strong> em Manaus (AM)<\/strong>, com o tema <em>Consolidando Ecossistemas: Empreendedorismo Inovador para a Economia do Futuro.<\/em><\/p>\n\n\n\n<p>O evento reunir\u00e1 gestores de incubadoras, parques tecnol\u00f3gicos, aceleradoras e hubs de inova\u00e7\u00e3o, al\u00e9m de representantes de universidades, empresas e governos, para debater temas estrat\u00e9gicos relacionados ao desenvolvimento regional, bioeconomia, tecnologias emergentes, internacionaliza\u00e7\u00e3o e forma\u00e7\u00e3o de capital humano.<\/p>\n\n\n\n<p>A confer\u00eancia \u00e9 realizada pela Anprotec, em parceria com o Sebrae, e conta com a Funda\u00e7\u00e3o Paulo Feitoza e a Universidade do Estado do Amazonas como organizadores locais.<\/p>\n","protected":false},"excerpt":{"rendered":"<p>A 36\u00aa Confer\u00eancia Anprotec de Empreendedorismo e Ambientes de Inova\u00e7\u00e3o continua a revelar sua programa\u00e7\u00e3o com a confirma\u00e7\u00e3o de tr\u00eas palestrantes para o evento, que ser\u00e1 realizado de 29 de junho a 2 de julho, em Manaus (AM). Clovis Benoni Meurer, Fernanda Bombardi e Fredson Encarna\u00e7\u00e3o participar\u00e3o de atividades voltadas aos temas de financiamento, investimentos [&hellip;]<\/p>\n","protected":false},"author":2,"featured_media":750,"comment_status":"open","ping_status":"open","sticky":false,"template":"","format":"standard","meta":{"footnotes":""},"categories":[1],"tags":[],"class_list":["post-748","post","type-post","status-publish","format-standard","has-post-thumbnail","hentry","category-uncategorized"],"_links":{"self":[{"href":"https:\/\/anprotec.org.br\/conferencia2026\/wp-json\/wp\/v2\/posts\/748","targetHints":{"allow":["GET"]}}],"collection":[{"href":"https:\/\/anprotec.org.br\/conferencia2026\/wp-json\/wp\/v2\/posts"}],"about":[{"href":"https:\/\/anprotec.org.br\/conferencia2026\/wp-json\/wp\/v2\/types\/post"}],"author":[{"embeddable":true,"href":"https:\/\/anprotec.org.br\/conferencia2026\/wp-json\/wp\/v2\/users\/2"}],"replies":[{"embeddable":true,"href":"https:\/\/anprotec.org.br\/conferencia2026\/wp-json\/wp\/v2\/comments?post=748"}],"version-history":[{"count":2,"href":"https:\/\/anprotec.org.br\/conferencia2026\/wp-json\/wp\/v2\/posts\/748\/revisions"}],"predecessor-version":[{"id":752,"href":"https:\/\/anprotec.org.br\/conferencia2026\/wp-json\/wp\/v2\/posts\/748\/revisions\/752"}],"wp:featuredmedia":[{"embeddable":true,"href":"https:\/\/anprotec.org.br\/conferencia2026\/wp-json\/wp\/v2\/media\/750"}],"wp:attachment":[{"href":"https:\/\/anprotec.org.br\/conferencia2026\/wp-json\/wp\/v2\/media?parent=748"}],"wp:term":[{"taxonomy":"category","embeddable":true,"href":"https:\/\/anprotec.org.br\/conferencia2026\/wp-json\/wp\/v2\/categories?post=748"},{"taxonomy":"post_tag","embeddable":true,"href":"https:\/\/anprotec.org.br\/conferencia2026\/wp-json\/wp\/v2\/tags?post=748"}],"curies":[{"name":"wp","href":"https:\/\/api.w.org\/{rel}","templated":true}]}}