{"id":616,"date":"2026-04-02T20:08:05","date_gmt":"2026-04-02T20:08:05","guid":{"rendered":"https:\/\/anprotec.org.br\/conferencia2026\/?p=616"},"modified":"2026-04-02T20:08:34","modified_gmt":"2026-04-02T20:08:34","slug":"conheca-os-finalistas-do-premio-nacional-anprotec-de-empreendedorismo-inovador-2026","status":"publish","type":"post","link":"https:\/\/anprotec.org.br\/conferencia2026\/conheca-os-finalistas-do-premio-nacional-anprotec-de-empreendedorismo-inovador-2026\/","title":{"rendered":"Conhe\u00e7a os finalistas do Pr\u00eamio Nacional Anprotec de Empreendedorismo Inovador 2026"},"content":{"rendered":"\n<p>A Anprotec divulga nesta quinta-feira (02\/04) os finalistas do Pr\u00eamio Nacional de Empreendedorismo Inovador 2026. A iniciativa busca reconhecer os melhores programas, pr\u00e1ticas e projetos desenvolvidos por ambientes promotores de inova\u00e7\u00e3o associados \u00e0 Anprotec, como incubadoras, aceleradoras, hubs, parques tecnol\u00f3gicos e neg\u00f3cios de impacto.<\/p>\n\n\n\n<p>A retomada do pr\u00eamio em 2024 foi marcada por alto engajamento e destacou o papel da Anprotec na valoriza\u00e7\u00e3o das iniciativas que fortalecem o ecossistema brasileiro de inova\u00e7\u00e3o. Neste ano, o Demoday e a cerim\u00f4nia de premia\u00e7\u00e3o acontecer\u00e3o presencialmente durante a 36\u00aa Confer\u00eancia Anprotec, em Manaus (AM), de 29 de junho a 2 de julho.<\/p>\n\n\n\n<p><strong>A edi\u00e7\u00e3o deste ano alcan\u00e7ou um recorde de inscri\u00e7\u00f5es: foram recebidas 64 candidaturas, representando crescimento superior a 50% em compara\u00e7\u00e3o \u00e0 edi\u00e7\u00e3o anterior.<\/strong> O aumento no n\u00famero de submiss\u00f5es refor\u00e7a o Pr\u00eamio Anprotec como uma importante refer\u00eancia nacional para o ecossistema de inova\u00e7\u00e3o. Como consequ\u00eancia, o processo de sele\u00e7\u00e3o torna-se ainda mais competitivo, exigindo avalia\u00e7\u00f5es cada vez mais criteriosas por parte da Comiss\u00e3o Avaliadora.<\/p>\n\n\n\n<p>\u201cA edi\u00e7\u00e3o de 2025 teve um papel muito relevante para a Anprotec, evidenciado pelo expressivo envolvimento da comunidade e pelo alto n\u00edvel dos projetos apresentados. Para 2026, a expectativa \u00e9 ainda maior: pretendemos ampliar a visibilidade das iniciativas, difundir experi\u00eancias inspiradoras e fortalecer a troca de conhecimentos entre os ambientes de inova\u00e7\u00e3o que contribuem para o desenvolvimento do pa\u00eds\u201d, afirma Adriana Faria, presidente da Anprotec.<\/p>\n\n\n\n<p>Ma\u00edra Nobre, diretora de Redes e Associados da Anprotec, ressalta o alto padr\u00e3o das propostas recebidas: \u201cA quantidade e qualidade das candidaturas desta edi\u00e7\u00e3o refletem o avan\u00e7o e a consolida\u00e7\u00e3o dos ecossistemas de inova\u00e7\u00e3o no Brasil. Entre os finalistas, vemos iniciativas que v\u00e3o al\u00e9m da inova\u00e7\u00e3o tecnol\u00f3gica, promovendo impactos concretos em seus territ\u00f3rios, fortalecendo redes de colabora\u00e7\u00e3o e impulsionando solu\u00e7\u00f5es sustent\u00e1veis. Seguimos com grande expectativa para as pr\u00f3ximas etapas, especialmente a vota\u00e7\u00e3o e o Demoday, que ser\u00e3o momentos importantes para dar visibilidade a essas trajet\u00f3rias inspiradoras.\u201d<\/p>\n\n\n\n<h2 class=\"wp-block-heading\"><strong>Conhe\u00e7a as categorias e os finalistas:<\/strong><\/h2>\n\n\n\n<p><strong>Incubadora de Empresas \u2013 Trof\u00e9u Adelino Medeiros:<\/strong> Reconhecimento de programas que fortalecem o empreendedorismo inovador por meio da incuba\u00e7\u00e3o, com pr\u00e1ticas relevantes e impacto regional. A premia\u00e7\u00e3o tamb\u00e9m valoriza iniciativas inovadoras nos processos de incuba\u00e7\u00e3o, pr\u00e9-incuba\u00e7\u00e3o, sele\u00e7\u00e3o e atra\u00e7\u00e3o de empreendimentos. Finalistas:<\/p>\n\n\n\n<ul class=\"wp-block-list\">\n<li><strong>CEI\/UFRGS<\/strong> \u2013 Metodologia CEI: Excel\u00eancia em Deep Techs e a Institucionaliza\u00e7\u00e3o do Pipeline de Inova\u00e7\u00e3o na UFRGS<\/li>\n\n\n\n<li><strong>Unitec Unisinos<\/strong> \u2013 Promo\u00e7\u00e3o do desenvolvimento por meio do Empreendedorismo Inovador<\/li>\n\n\n\n<li><strong>Pulsar\/UFSM<\/strong> \u2013 Pulsar Incubadora Tecnol\u00f3gica da Universidade Federal de Santa Maria<\/li>\n<\/ul>\n\n\n\n<p><\/p>\n\n\n\n<p><strong>Aceleradora \u2013 Trof\u00e9u Lynaldo Cavalcanti:<\/strong> Premia\u00e7\u00e3o para iniciativas que alavancam startups por meio de acelera\u00e7\u00e3o estruturada, com impacto econ\u00f4mico e integra\u00e7\u00e3o com mercados e investidores. A categoria tamb\u00e9m valoriza pr\u00e1ticas inovadoras relacionadas a estrat\u00e9gias de financiamento e investimento. Finalistas:<\/p>\n\n\n\n<ul class=\"wp-block-list\">\n<li><strong>Feevale<\/strong> \u2013 BRDE Labs RS: programa de acelera\u00e7\u00e3o regional de fomento \u00e0 cria\u00e7\u00e3o e consolida\u00e7\u00e3o de startups inovadoras.<\/li>\n\n\n\n<li><strong>Centev\/UFV <\/strong>\u2013 tecnoPARQ Acelera: a plataforma que transforma desafios do mercado em startups<\/li>\n\n\n\n<li><strong>Ventiur <\/strong>\u2013 Ventiur Investimentos em Novos Neg\u00f3cios S.A (Programa integrado de capacita\u00e7\u00e3o, mentoria e acesso a investimento)<\/li>\n<\/ul>\n\n\n\n<p><\/p>\n\n\n\n<p><strong>Hub de Inova\u00e7\u00e3o \u2013 Trof\u00e9u Cristiano Becker:<\/strong> Reconhecimento para ambientes que promovem conex\u00f5es estrat\u00e9gicas entre startups, empresas e institui\u00e7\u00f5es, gerando sinergias para o desenvolvimento tecnol\u00f3gico. S\u00e3o valorizadas pr\u00e1ticas que facilitam a colabora\u00e7\u00e3o e o surgimento de solu\u00e7\u00f5es inovadoras. Finalistas:<\/p>\n\n\n\n<ul class=\"wp-block-list\">\n<li><strong>Firjan <\/strong>\u2013 Casa Firjan: inova\u00e7\u00e3o para os desafios da Nova Economia. Viva o Futuro, hoje!<\/li>\n\n\n\n<li><strong>Biopark <\/strong>\u2013 Da tradi\u00e7\u00e3o \u00e0 excel\u00eancia mundial: o Hub de Inova\u00e7\u00e3o do Biopark Educa\u00e7\u00e3o na transforma\u00e7\u00e3o da cadeia leiteira regional por meio do Projeto Queijos Finos<\/li>\n\n\n\n<li><strong>Mescla <\/strong>&#8211; PUC\/Campinas \u2013 MESCLA: Hub de Inova\u00e7\u00e3o da PUC-Campinas<\/li>\n<\/ul>\n\n\n\n<p><\/p>\n\n\n\n<p><strong>Parque Cient\u00edfico e Tecnol\u00f3gico \u2013 Trof\u00e9u Telmo Silva Ara\u00fajo:<\/strong> Premia\u00e7\u00e3o para parques que fomentam a inova\u00e7\u00e3o e a competitividade, promovendo P&amp;D e atraindo investimentos com impacto socioecon\u00f4mico. O pr\u00eamio reconhece projetos que impulsionam a capacita\u00e7\u00e3o empresarial e a sinergia em pesquisa e desenvolvimento. Finalistas:<\/p>\n\n\n\n<ul class=\"wp-block-list\">\n<li><strong>UFRJ <\/strong>\u2013 EXPERIMENTA\u00c7\u00c3O EM AMBIENTE REAL: O CASO DO LIVING LAB DO PARQUE TECNOL\u00d3GICO UFRJ<\/li>\n\n\n\n<li><strong>UPF <\/strong>\u2013 Plataforma de Inova\u00e7\u00e3o Aberta UPF Parque e estrutura\u00e7\u00e3o do Distrito de Inova\u00e7\u00e3o Passo Fundo Valley<\/li>\n\n\n\n<li><strong>Porto Digital <\/strong>\u2013 Inova\u00e7\u00e3o como instrumento de regenera\u00e7\u00e3o urbana<\/li>\n<\/ul>\n\n\n\n<p><\/p>\n\n\n\n<p><strong>Neg\u00f3cios de Impacto \u2013 Trof\u00e9u Carlos Eduardo Negr\u00e3o Bizzotto:<\/strong> Destinado a empresas incubadas, aceleradas ou residentes em ambientes associados \u00e0 Anprotec, que desenvolvem solu\u00e7\u00f5es alinhadas aos Objetivos de Desenvolvimento Sustent\u00e1vel e geram impacto positivo na comunidade por meio de pr\u00e1ticas sustent\u00e1veis e contribui\u00e7\u00f5es sociais. Finalistas:<\/p>\n\n\n\n<ul class=\"wp-block-list\">\n<li><strong>NUTEC <\/strong>\u2013 Ra\u00e7\u00e3o nutritiva \u00e0 base de baga\u00e7o de malte para vacas de leite<\/li>\n\n\n\n<li><strong>BHTec <\/strong>\u2013 Sem Frascos &#8211; Por um mundo melhor<\/li>\n\n\n\n<li><strong>SprinT Curitiba \u2013 UTFPR<\/strong> \u2013 Sistema inteligente de sensoriamento ac\u00fastico para detec\u00e7\u00e3o e localiza\u00e7\u00e3o de vazamentos em tubula\u00e7\u00f5es<\/li>\n<\/ul>\n\n\n\n<p><\/p>\n\n\n\n<h2 class=\"wp-block-heading\"><strong>Cronograma da premia\u00e7\u00e3o<\/strong><\/h2>\n\n\n\n<ul class=\"wp-block-list\">\n<li><strong>Inscri\u00e7\u00f5es:<\/strong> Realizadas de 21 de janeiro a 25 de fevereiro de 2026, com os candidatos preenchendo o formul\u00e1rio eletr\u00f4nico.<\/li>\n\n\n\n<li><strong>Avalia\u00e7\u00e3o: <\/strong>Conduzida em tr\u00eas etapas, a an\u00e1lise inicial pela banca avaliadora ocorreu de 26 de fevereiro a 01 de abril de 2026. Os finalistas foram comunicados em 02 de abril de 2026.<\/li>\n\n\n\n<li><strong>Prazo para recursos:<\/strong> 02 a 06\/04\/2026<\/li>\n\n\n\n<li><strong>Envio de v\u00eddeos:<\/strong> Os finalistas devem gravar e enviar um v\u00eddeo de at\u00e9 3 minutos apresentando sua candidatura at\u00e9 24 de abril de 2026.<\/li>\n\n\n\n<li><strong>Vota\u00e7\u00e3o:<\/strong> De 28 de abril a 08 de maio de 2026, ocorrer\u00e1 a vota\u00e7\u00e3o dos associados da Anprotec e a divulga\u00e7\u00e3o nas redes sociais. Os candidatos com maior engajamento receber\u00e3o pontos adicionais na avalia\u00e7\u00e3o final.<\/li>\n\n\n\n<li><strong>Demoday e Premia\u00e7\u00e3o: <\/strong>Os finalistas apresentar\u00e3o suas candidaturas durante o Demoday na 36\u00aa Confer\u00eancia Anprotec, em 29 de junho de 2026, a partir das 8h, em Manaus (AM). A premia\u00e7\u00e3o ser\u00e1 realizada em 1<sup>o<\/sup> de julho de 2026.<\/li>\n<\/ul>\n\n\n\n<h2 class=\"wp-block-heading\"><strong>Premia\u00e7\u00e3o<\/strong><\/h2>\n\n\n\n<p>Os vencedores de cada categoria recebem o trof\u00e9u, certificado oficial da Anprotec, uma inscri\u00e7\u00e3o gratuita para a Confer\u00eancia Anprotec 2027 e um cr\u00e9dito de R$ 1.000,00 para ser utilizado em atividades da associa\u00e7\u00e3o.<\/p>\n","protected":false},"excerpt":{"rendered":"<p>A Anprotec divulga nesta quinta-feira (02\/04) os finalistas do Pr\u00eamio Nacional de Empreendedorismo Inovador 2026. A iniciativa busca reconhecer os melhores programas, pr\u00e1ticas e projetos desenvolvidos por ambientes promotores de inova\u00e7\u00e3o associados \u00e0 Anprotec, como incubadoras, aceleradoras, hubs, parques tecnol\u00f3gicos e neg\u00f3cios de impacto. A retomada do pr\u00eamio em 2024 foi marcada por alto engajamento [&hellip;]<\/p>\n","protected":false},"author":2,"featured_media":617,"comment_status":"open","ping_status":"open","sticky":false,"template":"","format":"standard","meta":{"footnotes":""},"categories":[1],"tags":[],"class_list":["post-616","post","type-post","status-publish","format-standard","has-post-thumbnail","hentry","category-uncategorized"],"_links":{"self":[{"href":"https:\/\/anprotec.org.br\/conferencia2026\/wp-json\/wp\/v2\/posts\/616","targetHints":{"allow":["GET"]}}],"collection":[{"href":"https:\/\/anprotec.org.br\/conferencia2026\/wp-json\/wp\/v2\/posts"}],"about":[{"href":"https:\/\/anprotec.org.br\/conferencia2026\/wp-json\/wp\/v2\/types\/post"}],"author":[{"embeddable":true,"href":"https:\/\/anprotec.org.br\/conferencia2026\/wp-json\/wp\/v2\/users\/2"}],"replies":[{"embeddable":true,"href":"https:\/\/anprotec.org.br\/conferencia2026\/wp-json\/wp\/v2\/comments?post=616"}],"version-history":[{"count":2,"href":"https:\/\/anprotec.org.br\/conferencia2026\/wp-json\/wp\/v2\/posts\/616\/revisions"}],"predecessor-version":[{"id":619,"href":"https:\/\/anprotec.org.br\/conferencia2026\/wp-json\/wp\/v2\/posts\/616\/revisions\/619"}],"wp:featuredmedia":[{"embeddable":true,"href":"https:\/\/anprotec.org.br\/conferencia2026\/wp-json\/wp\/v2\/media\/617"}],"wp:attachment":[{"href":"https:\/\/anprotec.org.br\/conferencia2026\/wp-json\/wp\/v2\/media?parent=616"}],"wp:term":[{"taxonomy":"category","embeddable":true,"href":"https:\/\/anprotec.org.br\/conferencia2026\/wp-json\/wp\/v2\/categories?post=616"},{"taxonomy":"post_tag","embeddable":true,"href":"https:\/\/anprotec.org.br\/conferencia2026\/wp-json\/wp\/v2\/tags?post=616"}],"curies":[{"name":"wp","href":"https:\/\/api.w.org\/{rel}","templated":true}]}}