{"id":608,"date":"2026-04-01T20:41:57","date_gmt":"2026-04-01T20:41:57","guid":{"rendered":"https:\/\/anprotec.org.br\/conferencia2026\/?p=608"},"modified":"2026-04-01T23:04:07","modified_gmt":"2026-04-01T23:04:07","slug":"confira-o-resultado-da-chamada-de-trabalhos-da-conferencia-anprotec-2026","status":"publish","type":"post","link":"https:\/\/anprotec.org.br\/conferencia2026\/confira-o-resultado-da-chamada-de-trabalhos-da-conferencia-anprotec-2026\/","title":{"rendered":"Confira o resultado da Chamada de Trabalhos da\u00a0 Confer\u00eancia Anprotec 2026"},"content":{"rendered":"\n<p>O Comit\u00ea Cient\u00edfico da Confer\u00eancia Anprotec 2026 divulgou os resultados da Chamada de Trabalhos da 36\u00aa Confer\u00eancia Anprotec de Empreendedorismo e Ambientes de Inova\u00e7\u00e3o. Ao todo, foram recebidos&nbsp;<strong>296 trabalhos<\/strong>&nbsp;\u2014 sendo&nbsp;<strong>146 artigos t\u00e9cnicos<\/strong>&nbsp;e&nbsp;<strong>150 relatos de boas pr\u00e1ticas<\/strong>&nbsp;\u2014, consolidando um novo recorde de participa\u00e7\u00e3o.<\/p>\n\n\n\n<p>Do total de submiss\u00f5es,&nbsp;<strong>48 trabalhos foram selecionados para apresenta\u00e7\u00e3o nos pain\u00e9is speaker, 57 para a sess\u00e3o de p\u00f4steres e 56 para publica\u00e7\u00e3o nos anais do evento<\/strong>. Os trabalhos com melhor avalia\u00e7\u00e3o tamb\u00e9m participar\u00e3o de sess\u00f5es tem\u00e1ticas durante a Confer\u00eancia e concorrer\u00e3o ao Pr\u00eamio de Melhor Trabalho.<\/p>\n\n\n\n<p>A edi\u00e7\u00e3o de 2026 refor\u00e7a o alcance nacional e internacional da iniciativa. A chamada contou com a participa\u00e7\u00e3o de&nbsp;<strong>229 institui\u00e7\u00f5es \u00fanicas<\/strong>, representando todas as 27 unidades federativas brasileiras, al\u00e9m de institui\u00e7\u00f5es da Espanha, Estados Unidos, Uruguai e B\u00e9lgica. Entre os estados com maior n\u00famero de submiss\u00f5es est\u00e3o Paran\u00e1, Minas Gerais, Amazonas, Santa Catarina e Rio Grande do Sul.<\/p>\n\n\n\n<p>O volume e a diversidade das inscri\u00e7\u00f5es evidenciam a maturidade do ecossistema de inova\u00e7\u00e3o no Brasil. \u201cO interesse na chamada de trabalho reflete que o ecossistema brasileiro de inova\u00e7\u00e3o est\u00e1 engajado e em expans\u00e3o\u201d, destacou Deolinda Garcia, diretora t\u00e9cnica da Anprotec.<\/p>\n\n\n\n<p>A avalia\u00e7\u00e3o foi conduzida pelo Comit\u00ea Cient\u00edfico da Confer\u00eancia, liderado pelo professor Rodrigo Quites Reis, da Universidade Federal do Par\u00e1, que reuniu especialistas de diferentes regi\u00f5es e institui\u00e7\u00f5es. O grupo foi respons\u00e1vel por analisar os trabalhos submetidos com base em crit\u00e9rios t\u00e9cnicos e de relev\u00e2ncia para o desenvolvimento dos ambientes de inova\u00e7\u00e3o.<\/p>\n\n\n\n<p>Segundo o professor Rodrigo Quites Reis, \u201cO processo contou com a contribui\u00e7\u00e3o de avaliadores de diferentes regi\u00f5es do pa\u00eds, cuja dedica\u00e7\u00e3o foi fundamental para garantir a qualidade e a consist\u00eancia das an\u00e1lises. Os trabalhos submetidos apresentaram alto n\u00edvel, evidenciando a capacidade dos ambientes de inova\u00e7\u00e3o no Brasil.\u201d<\/p>\n\n\n\n<p>A Anprotec realiza a sele\u00e7\u00e3o dos avaliadores respons\u00e1veis pela an\u00e1lise dos trabalhos, buscando garantir uma distribui\u00e7\u00e3o equilibrada entre as diferentes regi\u00f5es do Brasil. Esse processo tamb\u00e9m promove a troca entre avaliadores de distintas localidades, ampliando a diversidade de perspectivas nas avalia\u00e7\u00f5es. Ap\u00f3s a conclus\u00e3o dessa etapa, os resultados da Chamada de Trabalhos s\u00e3o consolidados e divulgados.<\/p>\n\n\n\n<p>Ao todo, foram selecionados:<\/p>\n\n\n\n<p><strong>19<\/strong>&nbsp;artigos e&nbsp;<strong>29<\/strong>&nbsp;relatos para apresenta\u00e7\u00e3o oral nas sess\u00f5es tem\u00e1ticas da Confer\u00eancia<\/p>\n\n\n\n<p><strong>32&nbsp;<\/strong>artigos e&nbsp;<strong>25<\/strong>&nbsp;relatos para exibi\u00e7\u00e3o em pain\u00e9is digitais interativos<\/p>\n\n\n\n<p><strong>28<\/strong>&nbsp;artigos e&nbsp;<strong>28<\/strong>&nbsp;relatos para publica\u00e7\u00e3o exclusiva nos Anais da Confer\u00eancia<\/p>\n\n\n\n<p>Os trabalhos aprovados est\u00e3o distribu\u00eddos entre as trilhas tem\u00e1ticas da Confer\u00eancia, alinhadas ao tema desta edi\u00e7\u00e3o:&nbsp;<strong>\u201cConsolidando Ecossistemas: Empreendedorismo Inovador para a Economia do Futuro\u201d<\/strong>. As apresenta\u00e7\u00f5es acontecer\u00e3o entre os dias&nbsp;<strong>29 de junho e 2 de julho de 2026<\/strong>, durante o evento.<\/p>\n\n\n\n<p>A Anprotec agradece a todos os participantes que contribu\u00edram com a chamada, compartilhando pesquisas, experi\u00eancias e boas pr\u00e1ticas que fortalecem o ecossistema de inova\u00e7\u00e3o no Brasil e no exterior.<\/p>\n\n\n\n<p><strong>Acesse os resultados completos:<\/strong><\/p>\n\n\n\n<ul class=\"wp-block-list\">\n<li><a href=\"https:\/\/anprotec.org.br\/site\/wp-content\/uploads\/2026\/04\/Conferencia-Anprotec-2026-Resultado-Chamada-de-Trabalhos-Artigos.pdf\" target=\"_blank\" rel=\"noreferrer noopener\">Artigos T\u00e9cnicos Aprovados<\/a><\/li>\n\n\n\n<li><a href=\"https:\/\/anprotec.org.br\/site\/wp-content\/uploads\/2026\/04\/Conferencia-Anprotec-2026-Resultado-Chamada-de-Trabalhos-Relatos.pdf\" target=\"_blank\" rel=\"noreferrer noopener\">Relatos de Experi\u00eancia e Boas Pr\u00e1ticas Aprovados<\/a><\/li>\n<\/ul>\n\n\n\n<p><\/p>\n\n\n\n<p>A Confer\u00eancia Anprotec 2026 \u00e9 promovida pela Associa\u00e7\u00e3o Nacional de Entidades Promotoras de Empreendimentos Inovadores (Anprotec), em parceria com o Sebrae, com realiza\u00e7\u00e3o local da Funda\u00e7\u00e3o Paulo Feitoza (FPF Tech) e da Universidade Estadual do Amazonas (UEA).<\/p>\n","protected":false},"excerpt":{"rendered":"<p>O Comit\u00ea Cient\u00edfico da Confer\u00eancia Anprotec 2026 divulgou os resultados da Chamada de Trabalhos da 36\u00aa Confer\u00eancia Anprotec de Empreendedorismo e Ambientes de Inova\u00e7\u00e3o. Ao todo, foram recebidos&nbsp;296 trabalhos&nbsp;\u2014 sendo&nbsp;146 artigos t\u00e9cnicos&nbsp;e&nbsp;150 relatos de boas pr\u00e1ticas&nbsp;\u2014, consolidando um novo recorde de participa\u00e7\u00e3o. Do total de submiss\u00f5es,&nbsp;48 trabalhos foram selecionados para apresenta\u00e7\u00e3o nos pain\u00e9is speaker, 57 [&hellip;]<\/p>\n","protected":false},"author":2,"featured_media":610,"comment_status":"open","ping_status":"open","sticky":false,"template":"","format":"standard","meta":{"footnotes":""},"categories":[1],"tags":[],"class_list":["post-608","post","type-post","status-publish","format-standard","has-post-thumbnail","hentry","category-uncategorized"],"_links":{"self":[{"href":"https:\/\/anprotec.org.br\/conferencia2026\/wp-json\/wp\/v2\/posts\/608","targetHints":{"allow":["GET"]}}],"collection":[{"href":"https:\/\/anprotec.org.br\/conferencia2026\/wp-json\/wp\/v2\/posts"}],"about":[{"href":"https:\/\/anprotec.org.br\/conferencia2026\/wp-json\/wp\/v2\/types\/post"}],"author":[{"embeddable":true,"href":"https:\/\/anprotec.org.br\/conferencia2026\/wp-json\/wp\/v2\/users\/2"}],"replies":[{"embeddable":true,"href":"https:\/\/anprotec.org.br\/conferencia2026\/wp-json\/wp\/v2\/comments?post=608"}],"version-history":[{"count":4,"href":"https:\/\/anprotec.org.br\/conferencia2026\/wp-json\/wp\/v2\/posts\/608\/revisions"}],"predecessor-version":[{"id":614,"href":"https:\/\/anprotec.org.br\/conferencia2026\/wp-json\/wp\/v2\/posts\/608\/revisions\/614"}],"wp:featuredmedia":[{"embeddable":true,"href":"https:\/\/anprotec.org.br\/conferencia2026\/wp-json\/wp\/v2\/media\/610"}],"wp:attachment":[{"href":"https:\/\/anprotec.org.br\/conferencia2026\/wp-json\/wp\/v2\/media?parent=608"}],"wp:term":[{"taxonomy":"category","embeddable":true,"href":"https:\/\/anprotec.org.br\/conferencia2026\/wp-json\/wp\/v2\/categories?post=608"},{"taxonomy":"post_tag","embeddable":true,"href":"https:\/\/anprotec.org.br\/conferencia2026\/wp-json\/wp\/v2\/tags?post=608"}],"curies":[{"name":"wp","href":"https:\/\/api.w.org\/{rel}","templated":true}]}}