{"id":596,"date":"2026-03-25T21:44:59","date_gmt":"2026-03-25T21:44:59","guid":{"rendered":"https:\/\/anprotec.org.br\/conferencia2026\/?p=596"},"modified":"2026-03-25T21:44:59","modified_gmt":"2026-03-25T21:44:59","slug":"conferencia-anprotec-2026-anuncia-novos-nomes-com-foco-em-inovacao-pesquisa-e-desenvolvimento-tecnologico","status":"publish","type":"post","link":"https:\/\/anprotec.org.br\/conferencia2026\/conferencia-anprotec-2026-anuncia-novos-nomes-com-foco-em-inovacao-pesquisa-e-desenvolvimento-tecnologico\/","title":{"rendered":"Confer\u00eancia Anprotec 2026 anuncia novos nomes com foco em inova\u00e7\u00e3o, pesquisa e desenvolvimento tecnol\u00f3gico"},"content":{"rendered":"\n<p>A 36\u00aa Confer\u00eancia Anprotec de Empreendedorismo e Ambientes de Inova\u00e7\u00e3o confirma novos palestrantes para sua programa\u00e7\u00e3o. O evento ser\u00e1 realizado de 29 de junho a 2 de julho, em Manaus (AM). Jos\u00e9, Daniela e Jorge trar\u00e3o diferentes perspectivas sobre inova\u00e7\u00e3o orientada \u00e0 pesquisa e sua conex\u00e3o com o mercado, abordando desde a gera\u00e7\u00e3o de conhecimento at\u00e9 sua aplica\u00e7\u00e3o pr\u00e1tica.<\/p>\n\n\n\n<h2 class=\"wp-block-heading\"><strong>Daniela Silvestrini Fernandes \u2013\u00a0 Diasci Diagn\u00f3stico Cient\u00edfico e Solu\u00e7\u00f5es Tecnol\u00f3gicas Avan\u00e7adas\u00a0<\/strong><\/h2>\n\n\n\n<p>Qu\u00edmica, com mestrado e doutorado em Qu\u00edmica de Materiais pela Unesp (FEIS), possui trajet\u00f3ria acad\u00eamica voltada ao desenvolvimento e caracteriza\u00e7\u00e3o de materiais avan\u00e7ados, com \u00eanfase em eletroan\u00e1lise, nanomateriais e biomateriais. Sua atua\u00e7\u00e3o integra qu\u00edmica, an\u00e1lise e biotecnologia, contribuindo para pesquisas multidisciplinares com potencial de aplica\u00e7\u00e3o pr\u00e1tica.<\/p>\n\n\n\n<p>\u00c9 cofundadora e CEO da Diasci Diagn\u00f3stico Cient\u00edfico e Solu\u00e7\u00f5es Tecnol\u00f3gicas Avan\u00e7adas LTDA, onde lidera o desenvolvimento de solu\u00e7\u00f5es inovadoras para a \u00e1rea da sa\u00fade e diagn\u00f3stico cient\u00edfico.<\/p>\n\n\n\n<p>Daniela participar\u00e1 do \u201c<strong>Workshop 1 \u2013 Empreendedorismo Deep Tech: Da P\u00f3s-Gradua\u00e7\u00e3o ao Mercado\u201d<\/strong>, no dia\u00a0<strong>30 de junho \u00e0s 14h<\/strong>, compartilhando sua experi\u00eancia na transforma\u00e7\u00e3o de pesquisas cient\u00edficas em solu\u00e7\u00f5es tecnol\u00f3gicas e neg\u00f3cios de base deep tech.<\/p>\n\n\n\n<h2 class=\"wp-block-heading\"><strong>Jos\u00e9 Cambeiro da Cunha Junior \u2013 Samsung<\/strong><\/h2>\n\n\n\n<p>Administrador pela Universidade Federal do Amazonas (UFAM) e p\u00f3s-graduado pela Funda\u00e7\u00e3o Getulio Vargas (FGV), atua como Gerente de Pesquisa e Desenvolvimento na Samsung, com foco na gest\u00e3o estrat\u00e9gica de projetos. Ao longo da carreira, acumulou experi\u00eancia nas \u00e1reas de materiais, log\u00edstica e com\u00e9rcio exterior, desenvolvendo uma vis\u00e3o integrada da cadeia industrial e dos processos de inova\u00e7\u00e3o.<\/p>\n\n\n\n<p>Tem atua\u00e7\u00e3o voltada \u00e0 estrutura\u00e7\u00e3o, acompanhamento e consolida\u00e7\u00e3o de investimentos em inova\u00e7\u00e3o tecnol\u00f3gica, promovendo a conex\u00e3o entre ind\u00fastria, universidades e institutos de pesquisa.&nbsp;<\/p>\n\n\n\n<p>Na Confer\u00eancia Anprotec 2026, participar\u00e1 do<strong>&nbsp;\u201cWorkshop 2 \u2013 Inova\u00e7\u00e3o Aberta e Conex\u00f5es com Grandes Empresas\u201d<\/strong>, no dia<strong>&nbsp;01 de julho \u00e0s 8h30<\/strong>, trazendo sua experi\u00eancia em gest\u00e3o estrat\u00e9gica de inova\u00e7\u00e3o e o ecossistema de pesquisa e desenvolvimento.<\/p>\n\n\n\n<h2 class=\"wp-block-heading\"><strong>Jorge Luis Nicolas Audy \u2013 PUCRS e TECNOPUC<\/strong><\/h2>\n\n\n\n<p>Professor titular da Escola Polit\u00e9cnica e do Programa de P\u00f3s-Gradua\u00e7\u00e3o em Ci\u00eancias da Computa\u00e7\u00e3o da Pontif\u00edcia Universidade Cat\u00f3lica do Rio Grande do Sul (PUCRS), \u00e9 tamb\u00e9m Superintendente de Inova\u00e7\u00e3o e Desenvolvimento da universidade e do TECNOPUC. Possui doutorado em Sistemas de Informa\u00e7\u00e3o pela Universidade Federal do Rio Grande do Sul (UFRGS), com ampla atua\u00e7\u00e3o em ecossistemas de inova\u00e7\u00e3o.<\/p>\n\n\n\n<p>J\u00e1 presidiu a Anprotec e a IASP, al\u00e9m de integrar conselhos estrat\u00e9gicos nacionais e internacionais em ci\u00eancia, tecnologia e inova\u00e7\u00e3o. \u00c9 autor de diversos livros e artigos sobre inova\u00e7\u00e3o, cidades e desenvolvimento.<\/p>\n\n\n\n<p>Ele participar\u00e1 da \u201c<strong>Plen\u00e1ria 1: Ecossistemas de inova\u00e7\u00e3o como motores da economia do futuro\u201d<\/strong>, no dia<strong>&nbsp;29 de junho \u00e0s 14h,<\/strong>&nbsp;apresentando sua vis\u00e3o sobre o papel dos ecossistemas de inova\u00e7\u00e3o no desenvolvimento econ\u00f4mico e na articula\u00e7\u00e3o entre diferentes atores.<\/p>\n\n\n\n<h2 class=\"wp-block-heading\"><strong>Sobre a Confer\u00eancia Anprotec 2026<\/strong><\/h2>\n\n\n\n<p>A\u00a0<strong>36\u00aa Confer\u00eancia Anprotec de Empreendedorismo e Ambientes de Inova\u00e7\u00e3o<\/strong>\u00a0ser\u00e1 realizada de\u00a0<strong>29 de junho a 2 de julho de 2026<\/strong>, em\u00a0<strong>Manaus (AM)<\/strong>, sob o tema Consolidando Ecossistemas: Empreendedorismo Inovador para a Economia do Futuro.\u00a0<\/p>\n\n\n\n<p>O evento reunir\u00e1 gestores de incubadoras, parques tecnol\u00f3gicos, aceleradoras e hubs de inova\u00e7\u00e3o, al\u00e9m de representantes de universidades, empresas e governos, para discutir agendas estrat\u00e9gicas relacionadas ao desenvolvimento regional, bioeconomia, tecnologias emergentes, internacionaliza\u00e7\u00e3o e forma\u00e7\u00e3o de capital humano.<\/p>\n\n\n\n<p>A confer\u00eancia \u00e9 realizada pela Anprotec, em parceria com o Sebrae, e tem como organizadores locais a Funda\u00e7\u00e3o Paulo Feitoza e a Universidade do Estado do Amazonas.&nbsp;<\/p>\n\n\n\n<p><br><\/p>\n","protected":false},"excerpt":{"rendered":"<p>A 36\u00aa Confer\u00eancia Anprotec de Empreendedorismo e Ambientes de Inova\u00e7\u00e3o confirma novos palestrantes para sua programa\u00e7\u00e3o. O evento ser\u00e1 realizado de 29 de junho a 2 de julho, em Manaus (AM). Jos\u00e9, Daniela e Jorge trar\u00e3o diferentes perspectivas sobre inova\u00e7\u00e3o orientada \u00e0 pesquisa e sua conex\u00e3o com o mercado, abordando desde a gera\u00e7\u00e3o de conhecimento [&hellip;]<\/p>\n","protected":false},"author":2,"featured_media":597,"comment_status":"open","ping_status":"open","sticky":false,"template":"","format":"standard","meta":{"footnotes":""},"categories":[1],"tags":[],"class_list":["post-596","post","type-post","status-publish","format-standard","has-post-thumbnail","hentry","category-uncategorized"],"_links":{"self":[{"href":"https:\/\/anprotec.org.br\/conferencia2026\/wp-json\/wp\/v2\/posts\/596","targetHints":{"allow":["GET"]}}],"collection":[{"href":"https:\/\/anprotec.org.br\/conferencia2026\/wp-json\/wp\/v2\/posts"}],"about":[{"href":"https:\/\/anprotec.org.br\/conferencia2026\/wp-json\/wp\/v2\/types\/post"}],"author":[{"embeddable":true,"href":"https:\/\/anprotec.org.br\/conferencia2026\/wp-json\/wp\/v2\/users\/2"}],"replies":[{"embeddable":true,"href":"https:\/\/anprotec.org.br\/conferencia2026\/wp-json\/wp\/v2\/comments?post=596"}],"version-history":[{"count":2,"href":"https:\/\/anprotec.org.br\/conferencia2026\/wp-json\/wp\/v2\/posts\/596\/revisions"}],"predecessor-version":[{"id":599,"href":"https:\/\/anprotec.org.br\/conferencia2026\/wp-json\/wp\/v2\/posts\/596\/revisions\/599"}],"wp:featuredmedia":[{"embeddable":true,"href":"https:\/\/anprotec.org.br\/conferencia2026\/wp-json\/wp\/v2\/media\/597"}],"wp:attachment":[{"href":"https:\/\/anprotec.org.br\/conferencia2026\/wp-json\/wp\/v2\/media?parent=596"}],"wp:term":[{"taxonomy":"category","embeddable":true,"href":"https:\/\/anprotec.org.br\/conferencia2026\/wp-json\/wp\/v2\/categories?post=596"},{"taxonomy":"post_tag","embeddable":true,"href":"https:\/\/anprotec.org.br\/conferencia2026\/wp-json\/wp\/v2\/tags?post=596"}],"curies":[{"name":"wp","href":"https:\/\/api.w.org\/{rel}","templated":true}]}}