{"id":593,"date":"2026-03-18T18:59:42","date_gmt":"2026-03-18T18:59:42","guid":{"rendered":"https:\/\/anprotec.org.br\/conferencia2026\/?p=593"},"modified":"2026-03-18T18:59:42","modified_gmt":"2026-03-18T18:59:42","slug":"anprotec-anuncia-primeiras-palestrantes-internacionais-da-conferencia-2026","status":"publish","type":"post","link":"https:\/\/anprotec.org.br\/conferencia2026\/anprotec-anuncia-primeiras-palestrantes-internacionais-da-conferencia-2026\/","title":{"rendered":"Anprotec anuncia primeiras palestrantes internacionais da Confer\u00eancia 2026"},"content":{"rendered":"\n<p>A 36\u00aa Confer\u00eancia Anprotec de Empreendedorismo e Ambientes de Inova\u00e7\u00e3o come\u00e7a a revelar sua programa\u00e7\u00e3o internacional com a confirma\u00e7\u00e3o das primeiras palestrantes para o evento, que ser\u00e1 realizado de 29 de junho a 2 de julho, em Manaus (AM). Sonia Palomo, da Espanha, e Karine Guilbault, do Canad\u00e1, trar\u00e3o experi\u00eancias consolidadas na gest\u00e3o de parques tecnol\u00f3gicos e no fortalecimento de ecossistemas de inova\u00e7\u00e3o, contribuindo para qualificar o debate sobre o papel desses ambientes no desenvolvimento econ\u00f4mico e social.<\/p>\n\n\n\n<p class=\"has-large-font-size\"><strong>Sonia Palomo \u2013 M\u00e1laga TechPark (Espanha)<\/strong><\/p>\n\n\n\n<p>Economista e antrop\u00f3loga com mestrado em Gest\u00e3o Integrada de Parques de Ci\u00eancia e Tecnologia, Sonia Palomo atua h\u00e1 27 anos na coordena\u00e7\u00e3o da estrat\u00e9gia internacional do M\u00e1laga TechPark, um dos principais ambientes de inova\u00e7\u00e3o da Europa. Sua trajet\u00f3ria re\u00fane ampla experi\u00eancia na concep\u00e7\u00e3o e implementa\u00e7\u00e3o de projetos europeus e internacionais, no fortalecimento de iniciativas de transfer\u00eancia tecnol\u00f3gica e na articula\u00e7\u00e3o de coopera\u00e7\u00f5es estrat\u00e9gicas voltadas \u00e0 inova\u00e7\u00e3o.<\/p>\n\n\n\n<p>Sonia tamb\u00e9m integra o pool de especialistas da S3 CoP, comunidade europeia de pr\u00e1tica que apoia regi\u00f5es e pa\u00edses na formula\u00e7\u00e3o e implementa\u00e7\u00e3o de Estrat\u00e9gias de Especializa\u00e7\u00e3o Inteligente. Ao longo de sua carreira, tem contribu\u00eddo para o desenvolvimento de grupos setoriais, a cria\u00e7\u00e3o de conex\u00f5es internacionais entre ecossistemas e a organiza\u00e7\u00e3o de iniciativas voltadas ao empreendedorismo inovador.<\/p>\n\n\n\n<p>Na Confer\u00eancia Anprotec 2026, participar\u00e1 da <strong>Plen\u00e1ria 1 \u2014 Ecossistemas de inova\u00e7\u00e3o como motores da economia do futuro, no dia 29 de junho, das 14h \u00e0s 16h.<\/strong> Sonia trar\u00e1 uma an\u00e1lise sobre como ecossistemas estruturados podem impulsionar a transforma\u00e7\u00e3o produtiva, gerar impactos socioambientais positivos e fortalecer a competitividade em economias emergentes.<\/p>\n\n\n\n<p class=\"has-large-font-size\"><strong>Karine Guilbault \u2013 Saint-Hyacinthe Technopole (Canad\u00e1)<\/strong><\/p>\n\n\n\n<p>Administradora com mestrado em Ci\u00eancias da Gest\u00e3o, Karine Guilbault \u00e9 diretora-geral do parque Saint-Hyacinthe Technopole, localizado na regi\u00e3o metropolitana de Montreal (Canad\u00e1). Com atua\u00e7\u00e3o no desenvolvimento econ\u00f4mico desde 2007, construiu sua trajet\u00f3ria liderando iniciativas voltadas ao fortalecimento do empreendedorismo, \u00e0 atra\u00e7\u00e3o de investimentos e \u00e0 expans\u00e3o de ambientes de inova\u00e7\u00e3o no setor agroalimentar.<\/p>\n\n\n\n<p>Sob sua gest\u00e3o, a institui\u00e7\u00e3o coordena um dos mais relevantes ecossistemas de inova\u00e7\u00e3o agroalimentar do Canad\u00e1, incluindo o parque tecnol\u00f3gico Cidade da Inova\u00e7\u00e3o Agroalimentar. Entre suas atribui\u00e7\u00f5es est\u00e3o a articula\u00e7\u00e3o com investidores estrangeiros, o apoio \u00e0 instala\u00e7\u00e3o de equipes de pesquisa e desenvolvimento no territ\u00f3rio e o est\u00edmulo ao crescimento de empresas inovadoras.<\/p>\n\n\n\n<p>Karine participar\u00e1 do <strong>Painel Tem\u00e1tico 5 \u2014 Consolidando ecossistemas para o desenvolvimento regional, no dia 1\u00ba de julho, das 14h \u00e0s 16h<\/strong>, abordando como ambientes de inova\u00e7\u00e3o podem atuar como motores estrat\u00e9gicos para o desenvolvimento territorial ao promoverem competitividade econ\u00f4mica, inclus\u00e3o de talentos e gera\u00e7\u00e3o de solu\u00e7\u00f5es sustent\u00e1veis.<\/p>\n\n\n\n<p>\u201cA participa\u00e7\u00e3o das duas palestrantes refor\u00e7a o eixo de Internacionaliza\u00e7\u00e3o e Conex\u00f5es Globais da Confer\u00eancia, destacando o papel dos ambientes de inova\u00e7\u00e3o brasileiros como plataformas de integra\u00e7\u00e3o em redes internacionais de conhecimento, coopera\u00e7\u00e3o tecnol\u00f3gica e desenvolvimento sustent\u00e1vel&#8221;, explica Deolinda Garcia, diretora t\u00e9cnica da Anprotec.\u00a0<\/p>\n\n\n\n<p class=\"has-large-font-size\"><strong>Sobre a Confer\u00eancia Anprotec 2026<\/strong><\/p>\n\n\n\n<p>A<strong> 36\u00aa Confer\u00eancia Anprotec de Empreendedorismo e Ambientes de Inova\u00e7\u00e3o<\/strong> ser\u00e1 realizada de <strong>29 de junho a 2 de julho de 2026, em Manaus (AM)<\/strong>, sob o tema <strong>Consolidando Ecossistemas: Empreendedorismo Inovador para a Economia do Futuro.\u00a0<\/strong><\/p>\n\n\n\n<p>O evento reunir\u00e1 gestores de incubadoras, parques tecnol\u00f3gicos, aceleradoras e hubs de inova\u00e7\u00e3o, al\u00e9m de representantes de universidades, empresas e governos, para discutir agendas estrat\u00e9gicas relacionadas ao desenvolvimento regional, bioeconomia, tecnologias emergentes, internacionaliza\u00e7\u00e3o e forma\u00e7\u00e3o de capital humano.<\/p>\n\n\n\n<p>A confer\u00eancia \u00e9 realizada pela Anprotec, em parceria com o Sebrae, e tem como organizadores locais a Funda\u00e7\u00e3o Paulo Feitoza e a Universidade do Estado do Amazonas.<\/p>\n","protected":false},"excerpt":{"rendered":"<p>A 36\u00aa Confer\u00eancia Anprotec de Empreendedorismo e Ambientes de Inova\u00e7\u00e3o come\u00e7a a revelar sua programa\u00e7\u00e3o internacional com a confirma\u00e7\u00e3o das primeiras palestrantes para o evento, que ser\u00e1 realizado de 29 de junho a 2 de julho, em Manaus (AM). Sonia Palomo, da Espanha, e Karine Guilbault, do Canad\u00e1, trar\u00e3o experi\u00eancias consolidadas na gest\u00e3o de parques [&hellip;]<\/p>\n","protected":false},"author":2,"featured_media":595,"comment_status":"open","ping_status":"open","sticky":false,"template":"","format":"standard","meta":{"footnotes":""},"categories":[1],"tags":[],"class_list":["post-593","post","type-post","status-publish","format-standard","has-post-thumbnail","hentry","category-uncategorized"],"_links":{"self":[{"href":"https:\/\/anprotec.org.br\/conferencia2026\/wp-json\/wp\/v2\/posts\/593","targetHints":{"allow":["GET"]}}],"collection":[{"href":"https:\/\/anprotec.org.br\/conferencia2026\/wp-json\/wp\/v2\/posts"}],"about":[{"href":"https:\/\/anprotec.org.br\/conferencia2026\/wp-json\/wp\/v2\/types\/post"}],"author":[{"embeddable":true,"href":"https:\/\/anprotec.org.br\/conferencia2026\/wp-json\/wp\/v2\/users\/2"}],"replies":[{"embeddable":true,"href":"https:\/\/anprotec.org.br\/conferencia2026\/wp-json\/wp\/v2\/comments?post=593"}],"version-history":[{"count":1,"href":"https:\/\/anprotec.org.br\/conferencia2026\/wp-json\/wp\/v2\/posts\/593\/revisions"}],"predecessor-version":[{"id":594,"href":"https:\/\/anprotec.org.br\/conferencia2026\/wp-json\/wp\/v2\/posts\/593\/revisions\/594"}],"wp:featuredmedia":[{"embeddable":true,"href":"https:\/\/anprotec.org.br\/conferencia2026\/wp-json\/wp\/v2\/media\/595"}],"wp:attachment":[{"href":"https:\/\/anprotec.org.br\/conferencia2026\/wp-json\/wp\/v2\/media?parent=593"}],"wp:term":[{"taxonomy":"category","embeddable":true,"href":"https:\/\/anprotec.org.br\/conferencia2026\/wp-json\/wp\/v2\/categories?post=593"},{"taxonomy":"post_tag","embeddable":true,"href":"https:\/\/anprotec.org.br\/conferencia2026\/wp-json\/wp\/v2\/tags?post=593"}],"curies":[{"name":"wp","href":"https:\/\/api.w.org\/{rel}","templated":true}]}}