{"id":584,"date":"2026-03-04T15:28:06","date_gmt":"2026-03-04T15:28:06","guid":{"rendered":"https:\/\/anprotec.org.br\/conferencia2026\/?p=584"},"modified":"2026-03-04T15:28:06","modified_gmt":"2026-03-04T15:28:06","slug":"chamada-de-trabalhos-da-conferencia-anprotec-2026-alcanca-229-instituicoes-em-todos-os-estados-brasileiros","status":"publish","type":"post","link":"https:\/\/anprotec.org.br\/conferencia2026\/chamada-de-trabalhos-da-conferencia-anprotec-2026-alcanca-229-instituicoes-em-todos-os-estados-brasileiros\/","title":{"rendered":"Chamada de Trabalhos da Confer\u00eancia Anprotec 2026 alcan\u00e7a 229 institui\u00e7\u00f5es em todos os estados brasileiros"},"content":{"rendered":"\n<p><\/p>\n\n\n\n<p><em>A sele\u00e7\u00e3o inclui representantes das 27 unidades federativas, bem como participantes internacionais. Centenas de institui\u00e7\u00f5es se inscreveram, com destaque para universidades federais, ICTs e ambientes de inova\u00e7\u00e3o consolidados.<\/em><\/p>\n\n\n\n<p>A Chamada de Trabalhos da 36\u00aa Confer\u00eancia Anprotec de Empreendedorismo e Ambientes de Inova\u00e7\u00e3o alcan\u00e7ou um novo recorde de inscri\u00e7\u00f5es: ao todo, foram submetidos 296 trabalhos \u2013 146 artigos t\u00e9cnicos e 150 relatos de boas pr\u00e1ticas. A sele\u00e7\u00e3o recebeu inscri\u00e7\u00f5es de 229 institui\u00e7\u00f5es \u00fanicas dos 27 estados brasileiros, al\u00e9m de alcan\u00e7ar uma extens\u00e3o internacional com a participa\u00e7\u00e3o de quatro pa\u00edses estrangeiros.&nbsp;&nbsp;<\/p>\n\n\n\n<p>Os resultados da etapa de submiss\u00f5es demonstram o alcance nacional e internacional da Anprotec. Todos os 27 estados brasileiros enviaram artigos t\u00e9cnicos ou relatos de boas pr\u00e1ticas, com destaque para Paran\u00e1 (56), Minas Gerais (51), Amazonas (34), Santa Catarina (30) e Rio Grande do Sul (27). A presen\u00e7a do Amazonas entre os cinco estados com maior n\u00famero de submiss\u00f5es ressalta a potencialidade do territ\u00f3rio amazonense para o estabelecimento de rela\u00e7\u00f5es estrat\u00e9gicas, al\u00e9m de refor\u00e7ar a Confer\u00eancia Anprotec 2026 como uma oportunidade para pesquisadores e empreendedores de inova\u00e7\u00e3o nacionais e internacionais.<\/p>\n\n\n\n<p>Al\u00e9m disso, foram recebidas submiss\u00f5es de institui\u00e7\u00f5es da Espanha, Estados Unidos, Uruguai e B\u00e9lgica. A participa\u00e7\u00e3o de institui\u00e7\u00f5es estrangeiras na Chamada de Trabalhos evidencia o reconhecimento internacional que a Anprotec e o ecossistema de inova\u00e7\u00e3o brasileiro v\u00eam conquistando.<\/p>\n\n\n\n<p><em>\u201cA Anprotec tem se empenhado para promover diversas a\u00e7\u00f5es para ampliar o alcance&nbsp; da Chamada de Trabalhos da Confer\u00eancia. E, nesse sentido, receber 296 trabalhos de todas as regi\u00f5es do pa\u00eds \u00e9 um sinal claro de que o ecossistema brasileiro de inova\u00e7\u00e3o est\u00e1 maduro e engajado. Esses n\u00fameros nos motivam a entregar uma confer\u00eancia \u00e0 altura dessa participa\u00e7\u00e3o\u201d<\/em>, afirmou Deolinda, diretora t\u00e9cnica da Anprotec.<\/p>\n\n\n\n<p class=\"has-large-font-size\"><strong>Participa\u00e7\u00e3o das institui\u00e7\u00f5es brasileiras<\/strong><\/p>\n\n\n\n<p>A Chamada de Trabalhos da Confer\u00eancia Anprotec 2026 recebeu submiss\u00f5es de 229 institui\u00e7\u00f5es \u00fanicas. No total, 98 institui\u00e7\u00f5es enviaram somente relatos de boas pr\u00e1ticas, 97 enviaram apenas artigos t\u00e9cnicos e 34 est\u00e3o presentes em ambas as categorias, segundo levantamento do Comit\u00ea Cient\u00edfico, composto por Rodrigo Quites Reis (UFPA), Deolinda Rodrigues Ferreira (UEA) e Luciano Valente (consultor Anprotec).<\/p>\n\n\n\n<p>As institui\u00e7\u00f5es presentes nas duas categorias s\u00e3o, em sua maioria, universidades federais, institutos de Ci\u00eancia e Tecnologia (ICT) e ambientes de inova\u00e7\u00e3o consolidados \u2014 o que evidencia a oportunidade que esses ambientes oferecem para o avan\u00e7o de pesquisas e o aprimoramento de tecnologias de alta qualidade, atendendo \u00e0s demandas do mercado nacional e internacional.<\/p>\n\n\n\n<p><em>\u201cTer 229 institui\u00e7\u00f5es \u00fanicas participando da Chamada, de universidades a ambientes de inova\u00e7\u00e3o consolidados, mostra a amplitude e a maturidade do ecossistema brasileiro. Essa diversidade enriquece os debates e \u00e9 um dos grandes diferenciais da Confer\u00eancia Anprotec\u201d<\/em>, destacou Rodrigo Quites Reis (UFPA), coordenador do Comit\u00ea Cient\u00edfico, que tamb\u00e9m tem como integrantes Deolinda Garcia, diretora da Anprotec, e Luciano Valente, consultor da associa\u00e7\u00e3o.<\/p>\n\n\n\n<p class=\"has-large-font-size\"><strong>Apresenta\u00e7\u00e3o na Confer\u00eancia Anprotec 2026<\/strong><\/p>\n\n\n\n<p>Os artigos e relatos de boas pr\u00e1ticas selecionados ser\u00e3o apresentados na Confer\u00eancia Anprotec 2026, que abordar\u00e1 o tema\u00a0<em>\u201cConsolidando Ecossistemas: Empreendedorismo Inovador para a Economia do Futuro\u201d<\/em>. O encontro reunir\u00e1 representantes de parques tecnol\u00f3gicos, incubadoras, aceleradoras, hubs, universidades, governos, comunidades tradicionais, empresas e institui\u00e7\u00f5es cient\u00edficas de todo o pa\u00eds.<\/p>\n\n\n\n<p class=\"has-large-font-size\"><strong>Confira o cronograma da Chamada de Trabalhos 2026:<\/strong><\/p>\n\n\n\n<ul class=\"wp-block-list\">\n<li>Resultado da sele\u00e7\u00e3o: <strong>31\/03\/2026<\/strong><\/li>\n\n\n\n<li>Envio final do trabalho revisado: <strong>06\/04\/2026<\/strong><\/li>\n\n\n\n<li>Apresenta\u00e7\u00e3o dos melhores trabalhos: <strong>29\/06\/2026 a 02\/07\/2026<\/strong><\/li>\n\n\n\n<li>Entrega dos pr\u00eamios: <strong>02\/07\/2026<\/strong><\/li>\n<\/ul>\n\n\n\n<p class=\"has-large-font-size\"><strong>Agradecimentos e realiza\u00e7\u00e3o<\/strong><\/p>\n\n\n\n<p>A Anprotec agradece a todos os profissionais dos ecossistemas de inova\u00e7\u00e3o brasileiro e internacionais que se propuseram a compartilhar seus conhecimentos e experi\u00eancias em artigos e relatos de boas pr\u00e1ticas para enriquecer os di\u00e1logos que ser\u00e3o realizados na Confer\u00eancia Anprotec 2026.<\/p>\n\n\n\n<p>A Confer\u00eancia Anprotec 2026 \u00e9 promovida pela Associa\u00e7\u00e3o Nacional de Entidades Promotoras de Empreendimentos Inovadores (Anprotec), em parceria com o Sebrae, com realiza\u00e7\u00e3o local da Funda\u00e7\u00e3o Paulo Feitoza (FPF Tech) e da Universidade Estadual do Amazonas (UEA).<\/p>\n","protected":false},"excerpt":{"rendered":"<p>A sele\u00e7\u00e3o inclui representantes das 27 unidades federativas, bem como participantes internacionais. Centenas de institui\u00e7\u00f5es se inscreveram, com destaque para universidades federais, ICTs e ambientes de inova\u00e7\u00e3o consolidados. A Chamada de Trabalhos da 36\u00aa Confer\u00eancia Anprotec de Empreendedorismo e Ambientes de Inova\u00e7\u00e3o alcan\u00e7ou um novo recorde de inscri\u00e7\u00f5es: ao todo, foram submetidos 296 trabalhos \u2013 [&hellip;]<\/p>\n","protected":false},"author":2,"featured_media":586,"comment_status":"open","ping_status":"open","sticky":false,"template":"","format":"standard","meta":{"footnotes":""},"categories":[1],"tags":[],"class_list":["post-584","post","type-post","status-publish","format-standard","has-post-thumbnail","hentry","category-uncategorized"],"_links":{"self":[{"href":"https:\/\/anprotec.org.br\/conferencia2026\/wp-json\/wp\/v2\/posts\/584","targetHints":{"allow":["GET"]}}],"collection":[{"href":"https:\/\/anprotec.org.br\/conferencia2026\/wp-json\/wp\/v2\/posts"}],"about":[{"href":"https:\/\/anprotec.org.br\/conferencia2026\/wp-json\/wp\/v2\/types\/post"}],"author":[{"embeddable":true,"href":"https:\/\/anprotec.org.br\/conferencia2026\/wp-json\/wp\/v2\/users\/2"}],"replies":[{"embeddable":true,"href":"https:\/\/anprotec.org.br\/conferencia2026\/wp-json\/wp\/v2\/comments?post=584"}],"version-history":[{"count":4,"href":"https:\/\/anprotec.org.br\/conferencia2026\/wp-json\/wp\/v2\/posts\/584\/revisions"}],"predecessor-version":[{"id":589,"href":"https:\/\/anprotec.org.br\/conferencia2026\/wp-json\/wp\/v2\/posts\/584\/revisions\/589"}],"wp:featuredmedia":[{"embeddable":true,"href":"https:\/\/anprotec.org.br\/conferencia2026\/wp-json\/wp\/v2\/media\/586"}],"wp:attachment":[{"href":"https:\/\/anprotec.org.br\/conferencia2026\/wp-json\/wp\/v2\/media?parent=584"}],"wp:term":[{"taxonomy":"category","embeddable":true,"href":"https:\/\/anprotec.org.br\/conferencia2026\/wp-json\/wp\/v2\/categories?post=584"},{"taxonomy":"post_tag","embeddable":true,"href":"https:\/\/anprotec.org.br\/conferencia2026\/wp-json\/wp\/v2\/tags?post=584"}],"curies":[{"name":"wp","href":"https:\/\/api.w.org\/{rel}","templated":true}]}}