{"id":499,"date":"2026-02-18T17:41:43","date_gmt":"2026-02-18T17:41:43","guid":{"rendered":"https:\/\/anprotec.org.br\/conferencia2026\/?p=499"},"modified":"2026-02-18T17:41:43","modified_gmt":"2026-02-18T17:41:43","slug":"chamada-de-trabalhos-da-conferencia-anprotec-2026-alcanca-recorde-de-299-submissoes","status":"publish","type":"post","link":"https:\/\/anprotec.org.br\/conferencia2026\/chamada-de-trabalhos-da-conferencia-anprotec-2026-alcanca-recorde-de-299-submissoes\/","title":{"rendered":"Chamada de Trabalhos da Confer\u00eancia Anprotec 2026 alcan\u00e7a recorde de 299 submiss\u00f5es"},"content":{"rendered":"\n<p><em>O resultado da sele\u00e7\u00e3o ser\u00e1 divulgado no dia 31 de mar\u00e7o. Melhores artigos e relatos de boas pr\u00e1ticas ser\u00e3o apresentados em trilhas tem\u00e1ticas da programa\u00e7\u00e3o do encontro em Manaus (AM).\u00a0<\/em><\/p>\n\n\n\n<p>A Chamada de Trabalhos da 36\u00aa Confer\u00eancia Anprotec de Empreendedorismo e Ambientes de Inova\u00e7\u00e3o alcan\u00e7ou um novo recorde de inscri\u00e7\u00f5es: ao todo, foram submetidos 299 artigos e relatos de boas pr\u00e1ticas. A contagem foi realizada ap\u00f3s o encerramento do prazo de envio de trabalhos, que ocorreu no \u00faltimo domingo (15\/2). O resultado da sele\u00e7\u00e3o ser\u00e1 divulgado em 31 de mar\u00e7o e o envio final do trabalho revisado dever\u00e1 ser feito at\u00e9 6 de abril.<\/p>\n\n\n\n<p>Os artigos e relatos de boas pr\u00e1ticas selecionados ser\u00e3o apresentados na Confer\u00eancia Anprotec 2026, que ser\u00e1 realizada de 29 de junho a 2 de julho de 2026, em Manaus (AM). Com o tema \u201cConsolidando Ecossistemas: Empreendedorismo Inovador para a Economia do Futuro\u201d, o encontro reunir\u00e1 representantes de parques tecnol\u00f3gicos, incubadoras, aceleradoras, hubs, universidades, governos, comunidades tradicionais, empresas e institui\u00e7\u00f5es cient\u00edficas de todo o pa\u00eds.<\/p>\n\n\n\n<p>Para Rodrigo Quites Reis (UFPA), coordenador do Comit\u00ea Cient\u00edfico de avalia\u00e7\u00e3o dos trabalhos submetidos, o recorde de submiss\u00f5es na Chamada de Trabalhos demonstra os resultados das a\u00e7\u00f5es da Anprotec nos \u00faltimos anos: \u201cAtuamos comprometidos com a produ\u00e7\u00e3o e a dissemina\u00e7\u00e3o de conhecimento cient\u00edfico e experi\u00eancias pr\u00e1ticas do ecossistema de inova\u00e7\u00e3o. Estamos em constante atualiza\u00e7\u00e3o e refinamento das nossas iniciativas, como o crescimento dos Anais da Confer\u00eancia, a inclus\u00e3o do formato de p\u00f4ster, a expans\u00e3o do comit\u00ea de avalia\u00e7\u00e3o e sele\u00e7\u00e3o de trabalhos, e a inser\u00e7\u00e3o dos melhores trabalhos na Revista Locus\u201d.<\/p>\n\n\n\n<p class=\"has-large-font-size\"><strong>Fortalecimento do encontro em Manaus<\/strong><\/p>\n\n\n\n<p>O crescimento da Chamada de Trabalhos demonstra que os esfor\u00e7os da Anprotec est\u00e3o contribuindo para que a edi\u00e7\u00e3o da Confer\u00eancia de 2026 seja repleta de di\u00e1logos enriquecedores com embasamentos cient\u00edficos e profissionais, que fortalecer\u00e3o a rede de coopera\u00e7\u00e3o presente em Manaus (AM).\u00a0<\/p>\n\n\n\n<p>\u201cA Anprotec tem realizado m\u00faltiplos esfor\u00e7os para fortalecer a Chamada de Trabalhos da Confer\u00eancia. Entendemos que Manaus \u00e9 um local estrat\u00e9gico para o estabelecimento de conex\u00f5es e estimula\u00e7\u00e3o de novas solu\u00e7\u00f5es inovadoras para os problemas relacionados \u00e0 sustentabilidade. Com o novo recorde de submiss\u00f5es, n\u00f3s estamos mais confiantes de que o encontro deste ano ser\u00e1 um sucesso\u201d, explicou Deolinda, diretora t\u00e9cnica da Anprotec.<\/p>\n\n\n\n<p class=\"has-large-font-size\"><strong>Avalia\u00e7\u00e3o e sele\u00e7\u00e3o dos melhores trabalhos<\/strong><\/p>\n\n\n\n<p>Ap\u00f3s o encerramento do per\u00edodo de submiss\u00f5es, os avaliadores do Comit\u00ea Cient\u00edfico da Chamada de Trabalhos avaliar\u00e3o os artigos e relatos de boas pr\u00e1ticas. O processo considerar\u00e1 crit\u00e9rios como originalidade, clareza e consist\u00eancia metodol\u00f3gica, ader\u00eancia tem\u00e1tica aos eixos da confer\u00eancia e contribui\u00e7\u00e3o pr\u00e1tica ou te\u00f3rica para o fortalecimento dos ecossistemas de inova\u00e7\u00e3o.<\/p>\n\n\n\n<p>At\u00e9 20 artigos e 20 relatos de boas pr\u00e1ticas mais bem avaliados ser\u00e3o incorporados \u00e0 programa\u00e7\u00e3o oficial da Confer\u00eancia, sendo apresentados em sess\u00f5es orais nas trilhas tem\u00e1ticas:<\/p>\n\n\n\n<ul class=\"wp-block-list\">\n<li>Desenvolvimento Regional, Pol\u00edticas de Inova\u00e7\u00e3o e Articula\u00e7\u00e3o de Ecossistemas;<\/li>\n\n\n\n<li>Coopera\u00e7\u00e3o, Inova\u00e7\u00e3o Aberta e P&amp;D Colaborativo;<\/li>\n\n\n\n<li>Bioeconomia, Sustentabilidade e Impacto Socioambiental;<\/li>\n\n\n\n<li>Tecnologias Emergentes e Transforma\u00e7\u00e3o Digital;<\/li>\n\n\n\n<li>Capital Humano, Educa\u00e7\u00e3o e Infraestrutura para a Inova\u00e7\u00e3o;<\/li>\n\n\n\n<li>Internacionaliza\u00e7\u00e3o e Conex\u00f5es Globais.<\/li>\n<\/ul>\n\n\n\n<p><\/p>\n\n\n\n<p>Al\u00e9m disso, at\u00e9 40 trabalhos ser\u00e3o selecionados para exposi\u00e7\u00e3o em pain\u00e9is digitais durante o evento.<\/p>\n\n\n\n<p>Os vencedores nas categorias artigo completo e relato de boas pr\u00e1ticas receber\u00e3o certificados e poder\u00e3o escolher realizar gratuitamente o Curso de Parques ou o Curso de Atualiza\u00e7\u00e3o do Cerne 2025, ambos promovidos pela Anprotec, al\u00e9m de inscri\u00e7\u00e3o gratuita na Confer\u00eancia Anprotec 2027 e convite para publica\u00e7\u00e3o ampliada na Revista Locus Cient\u00edfico.<\/p>\n\n\n\n<p class=\"has-large-font-size\"><strong>Cronograma \u2013 Chamada de Trabalhos 2026<\/strong><\/p>\n\n\n\n<ul class=\"wp-block-list\">\n<li><strong>Resultado da sele\u00e7\u00e3o:<\/strong> 31\/03\/2026<\/li>\n\n\n\n<li><strong>Envio final do trabalho revisado<\/strong>: 06\/04\/2026<\/li>\n\n\n\n<li><strong>Apresenta\u00e7\u00e3o dos melhores trabalhos:<\/strong> 29\/06\/2026 a 02\/07\/2026<\/li>\n\n\n\n<li><strong>Entrega dos pr\u00eamios: <\/strong>02\/07\/2026<\/li>\n<\/ul>\n\n\n\n<p><\/p>\n\n\n\n<p class=\"has-large-font-size\"><strong>Agradecimentos e realiza\u00e7\u00e3o\u00a0<\/strong><\/p>\n\n\n\n<p>A Anprotec agradece a todos os profissionais do ecossistema de inova\u00e7\u00e3o brasileira que se propuseram a compartilhar seus conhecimentos e experi\u00eancias em artigos e relatos de boas pr\u00e1ticas para enriquecer os di\u00e1logos que ser\u00e3o realizados na Confer\u00eancia Anprotec 2026.\u00a0<\/p>\n\n\n\n<p>A Confer\u00eancia Anprotec 2026 \u00e9 promovida pela Associa\u00e7\u00e3o Nacional de Entidades Promotoras de Empreendimentos Inovadores (Anprotec), em parceria com o Sebrae, com realiza\u00e7\u00e3o local da Funda\u00e7\u00e3o Paulo Feitoza (FPF Tech) e da Universidade Estadual do Amazonas (UEA).<\/p>\n","protected":false},"excerpt":{"rendered":"<p>O resultado da sele\u00e7\u00e3o ser\u00e1 divulgado no dia 31 de mar\u00e7o. Melhores artigos e relatos de boas pr\u00e1ticas ser\u00e3o apresentados em trilhas tem\u00e1ticas da programa\u00e7\u00e3o do encontro em Manaus (AM).\u00a0 A Chamada de Trabalhos da 36\u00aa Confer\u00eancia Anprotec de Empreendedorismo e Ambientes de Inova\u00e7\u00e3o alcan\u00e7ou um novo recorde de inscri\u00e7\u00f5es: ao todo, foram submetidos 299 [&hellip;]<\/p>\n","protected":false},"author":2,"featured_media":500,"comment_status":"open","ping_status":"open","sticky":false,"template":"","format":"standard","meta":{"footnotes":""},"categories":[1],"tags":[],"class_list":["post-499","post","type-post","status-publish","format-standard","has-post-thumbnail","hentry","category-uncategorized"],"_links":{"self":[{"href":"https:\/\/anprotec.org.br\/conferencia2026\/wp-json\/wp\/v2\/posts\/499","targetHints":{"allow":["GET"]}}],"collection":[{"href":"https:\/\/anprotec.org.br\/conferencia2026\/wp-json\/wp\/v2\/posts"}],"about":[{"href":"https:\/\/anprotec.org.br\/conferencia2026\/wp-json\/wp\/v2\/types\/post"}],"author":[{"embeddable":true,"href":"https:\/\/anprotec.org.br\/conferencia2026\/wp-json\/wp\/v2\/users\/2"}],"replies":[{"embeddable":true,"href":"https:\/\/anprotec.org.br\/conferencia2026\/wp-json\/wp\/v2\/comments?post=499"}],"version-history":[{"count":4,"href":"https:\/\/anprotec.org.br\/conferencia2026\/wp-json\/wp\/v2\/posts\/499\/revisions"}],"predecessor-version":[{"id":504,"href":"https:\/\/anprotec.org.br\/conferencia2026\/wp-json\/wp\/v2\/posts\/499\/revisions\/504"}],"wp:featuredmedia":[{"embeddable":true,"href":"https:\/\/anprotec.org.br\/conferencia2026\/wp-json\/wp\/v2\/media\/500"}],"wp:attachment":[{"href":"https:\/\/anprotec.org.br\/conferencia2026\/wp-json\/wp\/v2\/media?parent=499"}],"wp:term":[{"taxonomy":"category","embeddable":true,"href":"https:\/\/anprotec.org.br\/conferencia2026\/wp-json\/wp\/v2\/categories?post=499"},{"taxonomy":"post_tag","embeddable":true,"href":"https:\/\/anprotec.org.br\/conferencia2026\/wp-json\/wp\/v2\/tags?post=499"}],"curies":[{"name":"wp","href":"https:\/\/api.w.org\/{rel}","templated":true}]}}