{"id":15,"date":"2025-10-14T17:44:21","date_gmt":"2025-10-14T17:44:21","guid":{"rendered":"https:\/\/projetos.lacom.ag\/conferencia2026\/?p=15"},"modified":"2026-02-05T16:02:16","modified_gmt":"2026-02-05T16:02:16","slug":"manaus-e-escolhida-como-sede-da-36a-conferencia-anprotec-2026","status":"publish","type":"post","link":"https:\/\/anprotec.org.br\/conferencia2026\/manaus-e-escolhida-como-sede-da-36a-conferencia-anprotec-2026\/","title":{"rendered":"Manaus \u00e9 escolhida como sede da 36\u00aa Confer\u00eancia Anprotec 2026"},"content":{"rendered":"\n<p>Durante a 36\u00aa Assembleia Geral Ordin\u00e1ria da Anprotec, realizada nesta ter\u00e7a-feira (14) em Foz do Igua\u00e7u, Manaus foi escolhida como sede da Confer\u00eancia Anprotec 2026. A vota\u00e7\u00e3o aconteceu entre os associados presentes na Confer\u00eancia Anprotec 2025, durante a 36\u00aa Assembleia Geral Ordin\u00e1ria da Anprotec.<\/p>\n\n\n\n<p>Duas candidaturas disputaram a sede do evento: a Funda\u00e7\u00e3o Parque Tecnol\u00f3gico da Para\u00edba (PaqTcPB), representada pela diretora t\u00e9cnica Nadja Maria da Silva Oliveira, e a candidatura conjunta da Universidade do Estado do Amazonas (UEA) e da Funda\u00e7\u00e3o Paulo Feitosa (FPF), representando Manaus, representada por Ant\u00f4nio de Lima Mesquita Filho, diretor-executivo da Ag\u00eancia de Inova\u00e7\u00e3o da UEA e Leonardo Silva, Analista de Neg\u00f3cios na WIT Incubadora Tecnol\u00f3gica da FPF Tech (Funda\u00e7\u00e3o Paulo Feitoza).<\/p>\n\n\n\n<p>A escolha seguiu os crit\u00e9rios estabelecidos no Edital 01\/2025, que define os requisitos para candidatura e organiza\u00e7\u00e3o do evento. A Comiss\u00e3o de Elei\u00e7\u00e3o de Sede, composta por Ma\u00edra Nobre de Castro (IFCE), Marcelo Nunes (Parque Tecnol\u00f3gico S\u00e3o Jos\u00e9 dos Campos), Marcelo Anderson Batista dos Santos (IF Sert\u00e3o-PE) e Nelson Tadeu Cancellara (Ag\u00eancia de Inova\u00e7\u00e3o de Sorocaba), conduziu o processo de an\u00e1lise das propostas e coordenou as apresenta\u00e7\u00f5es durante a Assembleia.<\/p>\n\n\n\n<h3 class=\"wp-block-heading\"><strong>Apresenta\u00e7\u00f5es das candidaturas<\/strong><\/h3>\n\n\n\n<p>Durante a Assembleia, cada candidatura teve 10 minutos para apresentar sua proposta aos associados e mais 10 minutos para sanar as d\u00favidas dos presentes.<\/p>\n\n\n\n<p>Ant\u00f4nio de Lima Mesquita Filho, diretor-executivo da Ag\u00eancia de Inova\u00e7\u00e3o da UEA, destacou que Manaus vive o melhor ciclo de inova\u00e7\u00e3o e empreendedorismo de sua hist\u00f3ria. \u201cQueremos consolidar esse movimento com o apoio de todos voc\u00eas e com a realiza\u00e7\u00e3o da confer\u00eancia em 2026. N\u00f3s acreditamos que esse evento ser\u00e1 um impulso decisivo para a cria\u00e7\u00e3o de uma governan\u00e7a colaborativa e estruturada da inova\u00e7\u00e3o amaz\u00f4nica, conectando academia, ind\u00fastria e governo, tornando a Amaz\u00f4nia a protagonista da inova\u00e7\u00e3o brasileira\u201d, afirmou.<\/p>\n\n\n\n<p>Mesquita refor\u00e7ou ainda que o evento ter\u00e1 o apoio de toda a rede estadual de inova\u00e7\u00e3o, incluindo a Secretaria de Ci\u00eancia, Tecnologia e Inova\u00e7\u00e3o do Amazonas, o Polo Industrial de Manaus, a Federa\u00e7\u00e3o das Ind\u00fastrias do Estado do Amazonas (FIEAM) e a Universidade Federal do Amazonas (UFAM). Ele destacou tamb\u00e9m que a infraestrutura da cidade, com o Centro de Conven\u00e7\u00f5es Vasco Vasques, est\u00e1 pronta para receber o evento.<\/p>\n\n\n\n<p>Leonardo Silva, Analista de Neg\u00f3cios na WIT Incubadora Tecnol\u00f3gica da FPF Tech, complementou a apresenta\u00e7\u00e3o destacando que Manaus \u00e9 mais do que uma escolha geogr\u00e1fica. \u201c\u00c9 um convite para o Brasil olhar para o Norte. S\u00f3 aconteceu uma vez na regi\u00e3o Norte, em Bel\u00e9m do Par\u00e1, em 2014\u201d, observou. Ele enfatizou a import\u00e2ncia de reconhecer e potencializar a inova\u00e7\u00e3o que nasce na Amaz\u00f4nia, permitindo que o pa\u00eds inteiro vivencie um ecossistema ligado \u00e0 ind\u00fastria, ci\u00eancia e floresta.<\/p>\n\n\n\n<h3 class=\"wp-block-heading\"><strong>Sobre o ecossistema de inova\u00e7\u00e3o amazonense<\/strong><\/h3>\n\n\n\n<figure class=\"wp-block-image aligncenter\"><img decoding=\"async\" src=\"https:\/\/anprotec.org.br\/conferencia2025\/wp-content\/uploads\/2025\/10\/WELL3864-1536x1024.jpg\" alt=\"\"\/><\/figure>\n\n\n\n<p>Ant\u00f4nio de Lima Mesquita Filho, diretor-executivo da Ag\u00eancia de Inova\u00e7\u00e3o da UEA, Adriana Faria, presidente da Anprotec, e Leonardo Silva, Analista de Neg\u00f3cios na WIT Incubadora Tecnol\u00f3gica da FPF Tech (Funda\u00e7\u00e3o Paulo Feitoza).<\/p>\n\n\n\n<p>A UEA mant\u00e9m duas incubadoras de empresas, uma em Manaus e outra em Itacoatiara, que v\u00eam fortalecendo o empreendedorismo de base tecnol\u00f3gica e a gera\u00e7\u00e3o de startups na regi\u00e3o. A institui\u00e7\u00e3o tamb\u00e9m integra a governan\u00e7a do Centro de Bioeconomia da Amaz\u00f4nia (CBA), em parceria com o Instituto de Pesquisas Tecnol\u00f3gicas do Estado de S\u00e3o Paulo (IPT).<\/p>\n\n\n\n<p>O Polo Industrial de Manaus tem se transformado em um espa\u00e7o de novas tecnologias, economia verde, biotecnologia, bioeconomia e solu\u00e7\u00f5es digitais, alinhando competitividade com sustentabilidade. A Lei de Inform\u00e1tica da regi\u00e3o concede incentivos fiscais que destinam 5% do faturamento das empresas do setor para pesquisa, desenvolvimento e inova\u00e7\u00e3o, gerando aproximadamente R$ 1,8 bilh\u00e3o para P&amp;D&amp;I na Amaz\u00f4nia Ocidental em 2024.<\/p>\n\n\n\n<p>A Funda\u00e7\u00e3o Paulo Feitosa atua h\u00e1 27 anos no mercado com projetos de pesquisa e desenvolvimento nas \u00e1reas de software, hardware, biotecnologia, automa\u00e7\u00e3o industrial, transforma\u00e7\u00e3o digital e projetos educacionais. A institui\u00e7\u00e3o foi reconhecida com o Pr\u00eamio Finep de Inova\u00e7\u00e3o 2025 na categoria Ambiente de Inova\u00e7\u00e3o.<\/p>\n\n\n\n<h3 class=\"wp-block-heading\"><strong>Infraestrutura e evento<\/strong><\/h3>\n\n\n\n<p>A Confer\u00eancia Anprotec 2026 acontecer\u00e1 no Centro de Conven\u00e7\u00f5es Vasco Vasques, em Manaus, que possui infraestrutura completa para grandes confer\u00eancias internacionais. O evento est\u00e1 previsto para junho de 2026.<\/p>\n\n\n\n<p>A cidade oferece facilidades de acesso, com aeroporto internacional, ampla rede hoteleira e atrativos tur\u00edsticos e culturais \u00fanicos, no cora\u00e7\u00e3o da Amaz\u00f4nia.<\/p>\n\n\n\n<h3 class=\"wp-block-heading\"><strong>Sobre a 35\u00aa Confer\u00eancia Anprotec&nbsp;&nbsp;<\/strong><\/h3>\n\n\n\n<p>A 35\u00aa Confer\u00eancia Anprotec acontece de 13 a 16 de outubro de 2025, em Foz do Igua\u00e7u (PR), com o tema \u201cEcossistemas colaborativos e integrados \u00e0 inova\u00e7\u00e3o global\u201d. O evento \u00e9 promovido pela Associa\u00e7\u00e3o Nacional de Entidades Promotoras de Empreendimentos Inovadores (Anprotec), em parceria com o Servi\u00e7o Brasileiro de Apoio \u00e0s Micro e Pequenas Empresas (Sebrae). A realiza\u00e7\u00e3o local \u00e9 do Sistema Estadual de Ambientes Promotores de Inova\u00e7\u00e3o do Paran\u00e1 (Separtec), da Funda\u00e7\u00e3o Arauc\u00e1ria, da Universidade Estadual do Oeste do Paran\u00e1 (Unioeste) e do Governo do Estado do Paran\u00e1.<\/p>\n","protected":false},"excerpt":{"rendered":"<p>Durante a 36\u00aa Assembleia Geral Ordin\u00e1ria da Anprotec, realizada nesta ter\u00e7a-feira (14) em Foz do Igua\u00e7u, Manaus foi escolhida como sede da Confer\u00eancia Anprotec 2026. A vota\u00e7\u00e3o aconteceu entre os associados presentes na Confer\u00eancia Anprotec 2025, durante a 36\u00aa Assembleia Geral Ordin\u00e1ria da Anprotec. Duas candidaturas disputaram a sede do evento: a Funda\u00e7\u00e3o Parque Tecnol\u00f3gico [&hellip;]<\/p>\n","protected":false},"author":1,"featured_media":16,"comment_status":"open","ping_status":"open","sticky":false,"template":"","format":"standard","meta":{"footnotes":""},"categories":[1],"tags":[],"class_list":["post-15","post","type-post","status-publish","format-standard","has-post-thumbnail","hentry","category-uncategorized"],"_links":{"self":[{"href":"https:\/\/anprotec.org.br\/conferencia2026\/wp-json\/wp\/v2\/posts\/15","targetHints":{"allow":["GET"]}}],"collection":[{"href":"https:\/\/anprotec.org.br\/conferencia2026\/wp-json\/wp\/v2\/posts"}],"about":[{"href":"https:\/\/anprotec.org.br\/conferencia2026\/wp-json\/wp\/v2\/types\/post"}],"author":[{"embeddable":true,"href":"https:\/\/anprotec.org.br\/conferencia2026\/wp-json\/wp\/v2\/users\/1"}],"replies":[{"embeddable":true,"href":"https:\/\/anprotec.org.br\/conferencia2026\/wp-json\/wp\/v2\/comments?post=15"}],"version-history":[{"count":1,"href":"https:\/\/anprotec.org.br\/conferencia2026\/wp-json\/wp\/v2\/posts\/15\/revisions"}],"predecessor-version":[{"id":17,"href":"https:\/\/anprotec.org.br\/conferencia2026\/wp-json\/wp\/v2\/posts\/15\/revisions\/17"}],"wp:featuredmedia":[{"embeddable":true,"href":"https:\/\/anprotec.org.br\/conferencia2026\/wp-json\/wp\/v2\/media\/16"}],"wp:attachment":[{"href":"https:\/\/anprotec.org.br\/conferencia2026\/wp-json\/wp\/v2\/media?parent=15"}],"wp:term":[{"taxonomy":"category","embeddable":true,"href":"https:\/\/anprotec.org.br\/conferencia2026\/wp-json\/wp\/v2\/categories?post=15"},{"taxonomy":"post_tag","embeddable":true,"href":"https:\/\/anprotec.org.br\/conferencia2026\/wp-json\/wp\/v2\/tags?post=15"}],"curies":[{"name":"wp","href":"https:\/\/api.w.org\/{rel}","templated":true}]}}