{"id":12,"date":"2025-08-14T17:41:59","date_gmt":"2025-08-14T17:41:59","guid":{"rendered":"https:\/\/projetos.lacom.ag\/conferencia2026\/?p=12"},"modified":"2026-02-05T16:01:27","modified_gmt":"2026-02-05T16:01:27","slug":"prorrogacao-do-prazo-para-candidatura-a-sede-da-conferencia-anprotec-2026","status":"publish","type":"post","link":"https:\/\/anprotec.org.br\/conferencia2026\/prorrogacao-do-prazo-para-candidatura-a-sede-da-conferencia-anprotec-2026\/","title":{"rendered":"Prorroga\u00e7\u00e3o do Prazo para Candidatura \u00e0 Sede da Confer\u00eancia Anprotec 2026"},"content":{"rendered":"\n<p>A Anprotec anuncia a prorroga\u00e7\u00e3o do prazo para envio de propostas de associados interessados em sediar a 36\u00aa edi\u00e7\u00e3o da Confer\u00eancia Anprotec de Empreendedorismo e Ambientes de Inova\u00e7\u00e3o, prevista para os meses de maio ou junho de 2026. Atendendo ao interesse manifestado por nossa rede de associados e considerando a complexidade envolvida na elabora\u00e7\u00e3o de propostas que atendam aos requisitos do edital, a Anprotec decidiu prorrogar o prazo para assegurar candidaturas que reflitam a for\u00e7a e a diversidade do empreendedorismo inovador brasileiro.<\/p>\n\n\n\n<p>A Confer\u00eancia Anprotec \u00e9 um dos principais eventos do ecossistema brasileiro de inova\u00e7\u00e3o, reunindo representantes de parques tecnol\u00f3gicos, incubadoras, aceleradoras, hubs de inova\u00e7\u00e3o, universidades, empresas e governos. A sele\u00e7\u00e3o da cidade-sede \u00e9 uma oportunidade para os associados destacarem o potencial de seus territ\u00f3rios na promo\u00e7\u00e3o do empreendedorismo inovador.<\/p>\n\n\n\n<p>As propostas agora podem ser enviadas at\u00e9 12 de setembro de 2025, por meio do e-mail&nbsp;sedeconferencia@anprotec.org.br, conforme as exig\u00eancias do Edital 01\/2025 (Vers\u00e3o Prorrogada). Podem participar associados adimplentes que cumpram os crit\u00e9rios de elegibilidade, como infraestrutura hoteleira e de eventos, articula\u00e7\u00e3o com redes estaduais ou regionais de inova\u00e7\u00e3o e apresenta\u00e7\u00e3o de contrapartidas para o Coquetel de Abertura, visitas t\u00e9cnicas e outras etapas do evento.<\/p>\n\n\n\n<p>Confira o novo cronograma:<\/p>\n\n\n\n<ul class=\"wp-block-list\">\n<li>Recebimento das Propostas: 05\/05\/2025 a 12\/09\/2025<\/li>\n\n\n\n<li>An\u00e1lise da documenta\u00e7\u00e3o: 15\/09\/2025 a 19\/09\/2025<\/li>\n\n\n\n<li>Solicita\u00e7\u00e3o de esclarecimentos: 22\/09\/2025<\/li>\n\n\n\n<li>Envio dos esclarecimentos: 23\/09\/2025 a 26\/09\/2025<\/li>\n\n\n\n<li>Homologa\u00e7\u00e3o das inscri\u00e7\u00f5es: 30\/09\/2025<\/li>\n\n\n\n<li>Apresenta\u00e7\u00e3o na Assembleia Geral Ordin\u00e1ria: 14\/10\/2025<\/li>\n<\/ul>\n\n\n\n<p>\u201cEstamos comprometidos em garantir que nossos associados tenham as condi\u00e7\u00f5es ideais para apresentar propostas que reflitam a for\u00e7a de seus ecossistemas locais. A prorroga\u00e7\u00e3o \u00e9 uma forma de incentivar a participa\u00e7\u00e3o e assegurar a qualidade da Confer\u00eancia Anprotec 2026\u201d, destaca Adriana Faria, presidente da Anprotec.<\/p>\n\n\n\n<p><a href=\"https:\/\/anprotec.org.br\/site\/wp-content\/uploads\/2025\/08\/Edital-Sede-Conferencia-2026_V4_Prorrogacao-Sig.pdf\">Acesse aqui o Edital&nbsp;<\/a><\/p>\n\n\n\n<p>Acesse o edital acima e prepare sua proposta! Para d\u00favidas ou mais informa\u00e7\u00f5es, entre em contato pelo e-mail&nbsp;sedeconferencia@anprotec.org.br&nbsp;ou pelo telefone (61) 98256-2120.&nbsp;<\/p>\n","protected":false},"excerpt":{"rendered":"<p>A Anprotec anuncia a prorroga\u00e7\u00e3o do prazo para envio de propostas de associados interessados em sediar a 36\u00aa edi\u00e7\u00e3o da Confer\u00eancia Anprotec de Empreendedorismo e Ambientes de Inova\u00e7\u00e3o, prevista para os meses de maio ou junho de 2026. Atendendo ao interesse manifestado por nossa rede de associados e considerando a complexidade envolvida na elabora\u00e7\u00e3o de [&hellip;]<\/p>\n","protected":false},"author":1,"featured_media":13,"comment_status":"open","ping_status":"open","sticky":false,"template":"","format":"standard","meta":{"footnotes":""},"categories":[1],"tags":[],"class_list":["post-12","post","type-post","status-publish","format-standard","has-post-thumbnail","hentry","category-uncategorized"],"_links":{"self":[{"href":"https:\/\/anprotec.org.br\/conferencia2026\/wp-json\/wp\/v2\/posts\/12","targetHints":{"allow":["GET"]}}],"collection":[{"href":"https:\/\/anprotec.org.br\/conferencia2026\/wp-json\/wp\/v2\/posts"}],"about":[{"href":"https:\/\/anprotec.org.br\/conferencia2026\/wp-json\/wp\/v2\/types\/post"}],"author":[{"embeddable":true,"href":"https:\/\/anprotec.org.br\/conferencia2026\/wp-json\/wp\/v2\/users\/1"}],"replies":[{"embeddable":true,"href":"https:\/\/anprotec.org.br\/conferencia2026\/wp-json\/wp\/v2\/comments?post=12"}],"version-history":[{"count":1,"href":"https:\/\/anprotec.org.br\/conferencia2026\/wp-json\/wp\/v2\/posts\/12\/revisions"}],"predecessor-version":[{"id":14,"href":"https:\/\/anprotec.org.br\/conferencia2026\/wp-json\/wp\/v2\/posts\/12\/revisions\/14"}],"wp:featuredmedia":[{"embeddable":true,"href":"https:\/\/anprotec.org.br\/conferencia2026\/wp-json\/wp\/v2\/media\/13"}],"wp:attachment":[{"href":"https:\/\/anprotec.org.br\/conferencia2026\/wp-json\/wp\/v2\/media?parent=12"}],"wp:term":[{"taxonomy":"category","embeddable":true,"href":"https:\/\/anprotec.org.br\/conferencia2026\/wp-json\/wp\/v2\/categories?post=12"},{"taxonomy":"post_tag","embeddable":true,"href":"https:\/\/anprotec.org.br\/conferencia2026\/wp-json\/wp\/v2\/tags?post=12"}],"curies":[{"name":"wp","href":"https:\/\/api.w.org\/{rel}","templated":true}]}}